{"id":38239,"date":"2020-05-19T18:33:55","date_gmt":"2020-05-19T18:33:55","guid":{"rendered":"https:\/\/www.solidarburkina.bf\/peace-and-security-in-the-sahel-region-a-symposium-on-civil-military-cooperation-in-dori\/"},"modified":"2026-01-21T10:10:07","modified_gmt":"2026-01-21T10:10:07","slug":"peace-and-security-in-the-sahel-region-a-symposium-on-civil-military-cooperation-in-dori","status":"publish","type":"post","link":"https:\/\/www.solidarburkina.bf\/en\/peace-and-security-in-the-sahel-region-a-symposium-on-civil-military-cooperation-in-dori\/","title":{"rendered":"Peace and security in the Sahel region: a symposium on civil-military cooperation in Dori"},"content":{"rendered":"<p style=\"text-align: justify;\"><i><strong>A symposium on civil-military cooperation in preventing and combating radicalization and violence is being held this Thursday, July 4, 2019, in Dori, in the Sahel region. The symposium is the work of the Solidar suisse consortium and the Union fraternelle des croyants de Dori. Under the patronage of Colonel Gilles BATIONO, the opening ceremony was presided over by Colonel Major Salfo KABORE, Governor of the Sahel region. The event was attended by civilians, notably religious leaders, traditional chiefs, development players active in the Sahel region, and the Defense and Security Forces.   <\/strong><\/i><\/p>\n<p><img fetchpriority=\"high\" decoding=\"async\" class=\"alignnone wp-image-2621 size-full\" src=\"https:\/\/www.solidarburkina.bf\/wp-content\/uploads\/paix1.jpg\" alt=\"\" width=\"768\" height=\"348\" srcset=\"https:\/\/www.solidarburkina.bf\/wp-content\/uploads\/paix1.jpg 768w, https:\/\/www.solidarburkina.bf\/wp-content\/uploads\/paix1-300x136.jpg 300w, https:\/\/www.solidarburkina.bf\/wp-content\/uploads\/paix1-150x68.jpg 150w, https:\/\/www.solidarburkina.bf\/wp-content\/uploads\/paix1-344x156.jpg 344w, https:\/\/www.solidarburkina.bf\/wp-content\/uploads\/paix1-160x73.jpg 160w, https:\/\/www.solidarburkina.bf\/wp-content\/uploads\/paix1-172x78.jpg 172w, https:\/\/www.solidarburkina.bf\/wp-content\/uploads\/paix1-80x36.jpg 80w\" sizes=\"(max-width: 768px) 100vw, 768px\" \/><\/p>\n<p>\n\n<p style=\"text-align: justify;\">Le symposium sur la coop\u00e9ration civilo-militaire dans la pr\u00e9vention et la lutte contre la radicalisation et l\u2019extr\u00e9misme r\u00e9sulte du projet \u00ab\u00a0Dialogue inclusif pour \u00ab\u00a0un mieux vivre ensemble\u00a0\u00bb pour la paix et la s\u00e9curit\u00e9 dans la r\u00e9gion du Sahel\u00a0\u00bb financ\u00e9 par l\u2019Union Europ\u00e9enne. En effet, \u00e0 travers ce symposium, le consortium Solidar Suisse et l\u2019Union Fraternelle des Croyants de Dori, auteur du projet vise \u00e0 susciter la coop\u00e9ration entre les civils et les Forces de D\u00e9fense et de S\u00e9curit\u00e9 en vue d\u2019entrainer la contribution concert\u00e9e de toutes les forces vives. Cette d\u00e9marche de dialogue et de concertation multi-acteurs est une contribution au renforcement de la coop\u00e9ration civilo-militaire dans la r\u00e9gion du Sahel.<\/p>\n<p style=\"text-align: justify;\">La c\u00e9r\u00e9monie d\u2019ouverture a \u00e9t\u00e9 amorc\u00e9e par le mot de bienvenu du deuxi\u00e8me adjoint au maire de Dori. Il a rappel\u00e9 que dans le combat actuel contre les forces du mal, il n\u2019y a point de victoire sans la collaboration des uns et des autres.<\/p>\n<p><img decoding=\"async\" class=\"alignnone wp-image-2623 size-full\" src=\"https:\/\/www.solidarburkina.bf\/wp-content\/uploads\/paix1-1.jpg\" alt=\"\" width=\"768\" height=\"348\" srcset=\"https:\/\/www.solidarburkina.bf\/wp-content\/uploads\/paix1-1.jpg 768w, https:\/\/www.solidarburkina.bf\/wp-content\/uploads\/paix1-1-300x136.jpg 300w, https:\/\/www.solidarburkina.bf\/wp-content\/uploads\/paix1-1-150x68.jpg 150w, https:\/\/www.solidarburkina.bf\/wp-content\/uploads\/paix1-1-344x156.jpg 344w, https:\/\/www.solidarburkina.bf\/wp-content\/uploads\/paix1-1-160x73.jpg 160w, https:\/\/www.solidarburkina.bf\/wp-content\/uploads\/paix1-1-172x78.jpg 172w, https:\/\/www.solidarburkina.bf\/wp-content\/uploads\/paix1-1-80x36.jpg 80w\" sizes=\"(max-width: 768px) 100vw, 768px\" \/><\/p>\n<p style=\"text-align: justify;\">C\u00e9lestine BERE, Cheffe de division d\u00e9mocratie et participation \u00e0 Solidar Suisse au Burkina Faso et repr\u00e9sentante du Chef de file du Consortium a soulign\u00e9 que la s\u00e9curit\u00e9 et la paix sont mises \u00e0 mal actuellement au Burkina. Ce qui, selon elle, sape les efforts de d\u00e9veloppement qui sont mis en \u0153uvre.\u00a0<i><strong>\u00ab\u00a0Nous constatons que cette situation de crise a install\u00e9 la peur et la m\u00e9fiance non seulement entre les populations, mais aussi entre elles et les Force de D\u00e9fense et de S\u00e9curit\u00e9. Ce pr\u00e9sent symposium se veut donc un cadre d\u2019\u00e9changes pour identifier les probl\u00e8mes ainsi que les d\u00e9fis \u00e0 relever. C\u2019est une rencontre o\u00f9, \u00e0 la fin, chacun doit prendre des engagements pour pouvoir agir\u00a0\u00bb\u00a0<\/strong><\/i>a-t-elle signal\u00e9.<\/p>\n<p style=\"text-align: justify;\">Quant au Commandant Evariste SOME, Chef de Bataillon, chef de corps du 11\u00b0 R\u00e9giment d\u2019Infanterie Commando de Dori, repr\u00e9sentant le colonel Gilles BATIONO, parrain de la c\u00e9r\u00e9monie, les solutions \u00e0 l\u2019ins\u00e9curit\u00e9 ne sont pas que militaires<\/p>\n<p><img decoding=\"async\" class=\"alignnone wp-image-2624 size-full\" src=\"https:\/\/www.solidarburkina.bf\/wp-content\/uploads\/paix3.jpg\" alt=\"\" width=\"482\" height=\"400\" srcset=\"https:\/\/www.solidarburkina.bf\/wp-content\/uploads\/paix3.jpg 482w, https:\/\/www.solidarburkina.bf\/wp-content\/uploads\/paix3-300x249.jpg 300w, https:\/\/www.solidarburkina.bf\/wp-content\/uploads\/paix3-150x124.jpg 150w, https:\/\/www.solidarburkina.bf\/wp-content\/uploads\/paix3-193x160.jpg 193w, https:\/\/www.solidarburkina.bf\/wp-content\/uploads\/paix3-160x133.jpg 160w, https:\/\/www.solidarburkina.bf\/wp-content\/uploads\/paix3-96x80.jpg 96w, https:\/\/www.solidarburkina.bf\/wp-content\/uploads\/paix3-80x66.jpg 80w\" sizes=\"(max-width: 482px) 100vw, 482px\" \/><\/p>\n<p style=\"text-align: justify;\"><strong><i>\u00ab\u00a0Pour vaincre l\u2019adversaire, il faut une unit\u00e9 d\u2019action. L\u2019ennemi compte des fr\u00e8res burkinab\u00e8 dans ses rangs et il faut des solutions concert\u00e9es\u00a0\u00bb<\/i>\u00a0<\/strong>r\u00e9v\u00e8le le chef de corps du 11e R\u00e9giment d\u2019Infanterie Commando de Dori.<\/p>\n<p style=\"text-align: justify;\">C\u2019est le gouverneur de la r\u00e9gion du Sahel, le Colonel Major Salfo KABORE, qui a pr\u00e9sid\u00e9 la c\u00e9r\u00e9monie d\u2019ouverture et selon lui, nous sommes \u00e0 la crois\u00e9e de plusieurs chemins et chacun dans sa chair ressent l\u2019ins\u00e9curit\u00e9.\u00a0<i><strong>\u00ab\u00a0Le tissu social est d\u00e9chir\u00e9 et nous devons nous serrer les coudes pour inverser la vapeur afin de ne pas laisser la situation que nous vivons aux g\u00e9n\u00e9rations futures\u00a0\u00bb\u00a0<\/strong><\/i>a-t-il avis\u00e9<\/p>\n<p style=\"text-align: justify;\">Des travaux de groupes constitu\u00e9s de civils et de Forces de D\u00e9fense et de S\u00e9curit\u00e9 ont ponctu\u00e9 le symposium. L\u2019exercice qui a consist\u00e9 \u00e0 proposer des actions r\u00e9alisables pour la coop\u00e9ration civilo-militaire a \u00e9t\u00e9 trait\u00e9 \u00e0 travers des \u00e9changes participatifs et une r\u00e9elle motivation observ\u00e9e dans les diff\u00e9rents groupes<\/p>\n<p><img loading=\"lazy\" decoding=\"async\" class=\"alignnone wp-image-2625 size-full\" src=\"https:\/\/www.solidarburkina.bf\/wp-content\/uploads\/paix4.jpg\" alt=\"\" width=\"500\" height=\"333\" srcset=\"https:\/\/www.solidarburkina.bf\/wp-content\/uploads\/paix4.jpg 500w, https:\/\/www.solidarburkina.bf\/wp-content\/uploads\/paix4-300x200.jpg 300w, https:\/\/www.solidarburkina.bf\/wp-content\/uploads\/paix4-150x100.jpg 150w, https:\/\/www.solidarburkina.bf\/wp-content\/uploads\/paix4-240x160.jpg 240w, https:\/\/www.solidarburkina.bf\/wp-content\/uploads\/paix4-160x107.jpg 160w, https:\/\/www.solidarburkina.bf\/wp-content\/uploads\/paix4-120x80.jpg 120w, https:\/\/www.solidarburkina.bf\/wp-content\/uploads\/paix4-80x53.jpg 80w\" sizes=\"(max-width: 500px) 100vw, 500px\" \/><\/p>\n<p style=\"text-align: justify;\">Ce symposium est pour le Gouverneur un cadre de sensibilisation sur la n\u00e9cessit\u00e9 de trouver des moyens et mobiliser des ressources pour que demain soit meilleur qu\u2019aujourd\u2019hui. Il n\u2019a pas manqu\u00e9 de f\u00e9liciter le consortium Solidar Suisse et UFC Dori pour cette initiative qui participe du renforcement de la coop\u00e9ration multi-acteurs pour la recherche des solutions p\u00e9rennes.<\/p>\n<figure class=\"wp-block-image\"><img alt=\"\"\/><\/figure>\n<p><\/p>\n","protected":false},"excerpt":{"rendered":"<p>A symposium on civil-military cooperation in preventing and combating radicalization and violence is being held this Thursday, July 4, 2019, in Dori, in the Sahel region. The symposium is the work of the Solidar suisse consortium and the Union fraternelle des croyants de Dori. Under the patronage of Colonel Gilles BATIONO, the opening ceremony was [&hellip;]<\/p>\n","protected":false},"author":4,"featured_media":38241,"comment_status":"closed","ping_status":"closed","sticky":false,"template":"","format":"image","meta":{"_seopress_robots_primary_cat":"","_seopress_titles_title":"","_seopress_titles_desc":"","_seopress_robots_index":"","footnotes":""},"categories":[77,286,1],"domaine":[289],"approche":[287],"class_list":{"0":"post-38239","1":"post","2":"type-post","3":"status-publish","4":"format-image","5":"has-post-thumbnail","7":"category-actualites","8":"category-news","9":"category-non-categorise","10":"post_format-post-format-image","11":"domaine-peace-and-social-cohesion","12":"approche-clp"},"_links":{"self":[{"href":"https:\/\/www.solidarburkina.bf\/en\/wp-json\/wp\/v2\/posts\/38239","targetHints":{"allow":["GET"]}}],"collection":[{"href":"https:\/\/www.solidarburkina.bf\/en\/wp-json\/wp\/v2\/posts"}],"about":[{"href":"https:\/\/www.solidarburkina.bf\/en\/wp-json\/wp\/v2\/types\/post"}],"author":[{"embeddable":true,"href":"https:\/\/www.solidarburkina.bf\/en\/wp-json\/wp\/v2\/users\/4"}],"replies":[{"embeddable":true,"href":"https:\/\/www.solidarburkina.bf\/en\/wp-json\/wp\/v2\/comments?post=38239"}],"version-history":[{"count":1,"href":"https:\/\/www.solidarburkina.bf\/en\/wp-json\/wp\/v2\/posts\/38239\/revisions"}],"predecessor-version":[{"id":38242,"href":"https:\/\/www.solidarburkina.bf\/en\/wp-json\/wp\/v2\/posts\/38239\/revisions\/38242"}],"wp:featuredmedia":[{"embeddable":true,"href":"https:\/\/www.solidarburkina.bf\/en\/wp-json\/wp\/v2\/media\/38241"}],"wp:attachment":[{"href":"https:\/\/www.solidarburkina.bf\/en\/wp-json\/wp\/v2\/media?parent=38239"}],"wp:term":[{"taxonomy":"category","embeddable":true,"href":"https:\/\/www.solidarburkina.bf\/en\/wp-json\/wp\/v2\/categories?post=38239"},{"taxonomy":"domaine","embeddable":true,"href":"https:\/\/www.solidarburkina.bf\/en\/wp-json\/wp\/v2\/domaine?post=38239"},{"taxonomy":"approche","embeddable":true,"href":"https:\/\/www.solidarburkina.bf\/en\/wp-json\/wp\/v2\/approche?post=38239"}],"curies":[{"name":"wp","href":"https:\/\/api.w.org\/{rel}","templated":true}]}}