{"id":38318,"date":"2022-06-01T09:26:00","date_gmt":"2022-06-01T09:26:00","guid":{"rendered":"https:\/\/www.solidarburkina.bf\/monitoring-and-evaluation-of-projects-in-a-context-of-insecurity-solidar-suisse-sets-up-a-digital-monitoring-and-evaluation-platform\/"},"modified":"2026-01-21T10:10:41","modified_gmt":"2026-01-21T10:10:41","slug":"monitoring-and-evaluation-of-projects-in-a-context-of-insecurity-solidar-suisse-sets-up-a-digital-monitoring-and-evaluation-platform","status":"publish","type":"post","link":"https:\/\/www.solidarburkina.bf\/en\/monitoring-and-evaluation-of-projects-in-a-context-of-insecurity-solidar-suisse-sets-up-a-digital-monitoring-and-evaluation-platform\/","title":{"rendered":"Monitoring and evaluation of projects in a context of insecurity: Solidar Suisse sets up a digital monitoring and evaluation platform"},"content":{"rendered":"\n<p>To equip technical players to use the &#8220;Delta&#8221; platform to ensure digitalized monitoring and evaluation of the &#8220;Promotion de l&#8217;acc\u00e8s des filles \u00e0 un Syst\u00e8me Educatif et de Formation Professionnelle de qualit\u00e9 (PROMESSE-FP)&#8221; project. This was the aim of the training session held from May 31 to June 01, 2022 in the town of Kaya, which brought together members of the Solidar Suisse-Educo-Aflatoun International Consortium and the project&#8217;s local implementing partners: OCADES-Kaya and Ouahigouya, Union Fraternelle des Croyants de Dori (UFC), Association pour la Recherche et Formation en Agro\u00e9cologie (ARFA), Cadre de Concertation des ONG et Associations actives en \u00c9ducation de base au Burkina Faso (CCEB), Association pour la Promotion et l&#8217;Int\u00e9gration de la Jeunesse du Centre Nord (APIJ-CN), Tabital Lobal, Conseil R\u00e9gional des Unions du Sahel (CRUS), Association Tin Tua). <\/p>\n\n<p>Among other things, participants learned how to set up a project, design a data collection form, and plan, monitor and evaluate activities using key indicators. At the end of the session, participants thanked Solidar Suisse for the acquisition of the &#8220;Delta&#8221; platform, which will facilitate real-time monitoring of project activities in the various intervention zones. <\/p>\n\n<figure class=\"wp-block-image size-large\"><img decoding=\"async\" src=\"https:\/\/www.solidarburkina.bf\/wp-content\/uploads\/IMG2--1024x595.jpg\" alt=\"\" class=\"wp-image-3540\"\/><figcaption><em>Group work session on getting to grips with the platform<\/em><\/figcaption><\/figure>\n\n<p>In his closing remarks, the head of Solidar Suisse&#8217;s PROMESSE-FP project, Mr. Saydou SAWADOGO, invited partners to make good use of the platform in order to optimize the monitoring and evaluation of project activities.<\/p>\n\n<p>The PROMESSE-FP project is financed by <a>the Embassy of the Kingdom of the Netherlands in Burkina Faso<\/a>. The overall objective is to improve access for girls and women in the intervention regions to a quality education and vocational training system, and to decent incomes. The project is run by the Solidar Suisse- Educo &#8211; Aflatoun international consortium in partnership with local organizations in the intervention areas (Sahel, North, East and Centre-North regions). This training is part of the implementation of the project&#8217;s monitoring, evaluation, learning and accountability plan.     <\/p>\n\n<figure class=\"wp-block-image size-large\"><img decoding=\"async\" src=\"https:\/\/www.solidarburkina.bf\/wp-content\/uploads\/IMG5--1024x407.jpg\" alt=\"\" class=\"wp-image-3539\"\/><figcaption><em>Family photo of participants at the end of the session<\/em><\/figcaption><\/figure>\n","protected":false},"excerpt":{"rendered":"<p>To equip technical players to use the &#8220;Delta&#8221; platform to ensure digitalized monitoring and evaluation of the &#8220;Promotion de l&#8217;acc\u00e8s des filles \u00e0 un Syst\u00e8me Educatif et de Formation Professionnelle de qualit\u00e9 (PROMESSE-FP)&#8221; project. This was the aim of the training session held from May 31 to June 01, 2022 in the town of Kaya, [&hellip;]<\/p>\n","protected":false},"author":4,"featured_media":38321,"comment_status":"closed","ping_status":"closed","sticky":false,"template":"","format":"image","meta":{"_seopress_robots_primary_cat":"none","_seopress_titles_title":"","_seopress_titles_desc":"","_seopress_robots_index":"","footnotes":""},"categories":[77,286,1],"domaine":[309,308],"approche":[312,311],"class_list":{"0":"post-38318","1":"post","2":"type-post","3":"status-publish","4":"format-image","5":"has-post-thumbnail","7":"category-actualites","8":"category-news","9":"category-non-categorise","10":"post_format-post-format-image","11":"domaine-decent-work","12":"domaine-training-and-professional-integration-of-young-people","13":"approche-afi-d","14":"approche-aflatoun-approach"},"_links":{"self":[{"href":"https:\/\/www.solidarburkina.bf\/en\/wp-json\/wp\/v2\/posts\/38318","targetHints":{"allow":["GET"]}}],"collection":[{"href":"https:\/\/www.solidarburkina.bf\/en\/wp-json\/wp\/v2\/posts"}],"about":[{"href":"https:\/\/www.solidarburkina.bf\/en\/wp-json\/wp\/v2\/types\/post"}],"author":[{"embeddable":true,"href":"https:\/\/www.solidarburkina.bf\/en\/wp-json\/wp\/v2\/users\/4"}],"replies":[{"embeddable":true,"href":"https:\/\/www.solidarburkina.bf\/en\/wp-json\/wp\/v2\/comments?post=38318"}],"version-history":[{"count":1,"href":"https:\/\/www.solidarburkina.bf\/en\/wp-json\/wp\/v2\/posts\/38318\/revisions"}],"predecessor-version":[{"id":38323,"href":"https:\/\/www.solidarburkina.bf\/en\/wp-json\/wp\/v2\/posts\/38318\/revisions\/38323"}],"wp:featuredmedia":[{"embeddable":true,"href":"https:\/\/www.solidarburkina.bf\/en\/wp-json\/wp\/v2\/media\/38321"}],"wp:attachment":[{"href":"https:\/\/www.solidarburkina.bf\/en\/wp-json\/wp\/v2\/media?parent=38318"}],"wp:term":[{"taxonomy":"category","embeddable":true,"href":"https:\/\/www.solidarburkina.bf\/en\/wp-json\/wp\/v2\/categories?post=38318"},{"taxonomy":"domaine","embeddable":true,"href":"https:\/\/www.solidarburkina.bf\/en\/wp-json\/wp\/v2\/domaine?post=38318"},{"taxonomy":"approche","embeddable":true,"href":"https:\/\/www.solidarburkina.bf\/en\/wp-json\/wp\/v2\/approche?post=38318"}],"curies":[{"name":"wp","href":"https:\/\/api.w.org\/{rel}","templated":true}]}}