{"id":38347,"date":"2022-04-04T12:18:13","date_gmt":"2022-04-04T12:18:13","guid":{"rendered":"https:\/\/www.solidarburkina.bf\/implementation-of-the-promesse-fp-project-a-meeting-between-consortium-members-and-local-partners-to-take-stock-of-the-first-quarter-of-2022\/"},"modified":"2026-01-21T10:10:38","modified_gmt":"2026-01-21T10:10:38","slug":"implementation-of-the-promesse-fp-project-a-meeting-between-consortium-members-and-local-partners-to-take-stock-of-the-first-quarter-of-2022","status":"publish","type":"post","link":"https:\/\/www.solidarburkina.bf\/en\/implementation-of-the-promesse-fp-project-a-meeting-between-consortium-members-and-local-partners-to-take-stock-of-the-first-quarter-of-2022\/","title":{"rendered":"Implementation of the PROMESSE-FP project: a meeting between consortium members and local partners to take stock of the first quarter of 2022"},"content":{"rendered":"\n<p>On April 01, 2022, the quarterly meeting of the &#8220;Promotion de l&#8217;acc\u00e8s des filles \u00e0 un Syst\u00e8me Educatif et de Formation Professionnelle de qualit\u00e9 (PROMESSE-FP)&#8221; project (the Solidar Suisse- Educo &#8211; Aflatoun international consortium and its local partners ARFA, Tin-Tua, OCADES Ouahigouya, OCADES Kaya, CCEB, APIJ-CN, Tabital Lobal, CRUS, UFC Dori) was held in the town of Ouahigouya.  <\/p>\n\n<p>Gathered around the same table, members of the Consortium and local partners took stock of activities, assessed the security situation in the intervention zones and formulated a number of recommendations for the continuation of activities. Participants also discussed strategies and tools for capitalizing on the project&#8217;s successes. <\/p>\n\n<p>This meeting was part of the technical coordination and monitoring of the project&#8217;s implementation in the various intervention zones. In his closing remarks, Mr. Dieudonn\u00e9 ZAONGO, Country Representative of Solidar Suisse, the consortium&#8217;s lead partner, congratulated the various players for their commitment and resilience in implementing the project&#8217;s activities in an unfavorable security context. This was proof of the humanitarian role assigned to non-governmental organizations. He also invited the participants to adopt the recommendations put forward to ensure the success of the consortium&#8217;s missions.     <\/p>\n\n<p><\/p>\n\n<figure class=\"wp-block-image size-large\"><img fetchpriority=\"high\" decoding=\"async\" width=\"1024\" height=\"683\" src=\"https:\/\/www.solidarburkina.bf\/wp-content\/uploads\/DSC1073-1-1024x683.jpg\" alt=\"\" class=\"wp-image-7470\" srcset=\"https:\/\/www.solidarburkina.bf\/wp-content\/uploads\/DSC1073-1-1024x683.jpg 1024w, https:\/\/www.solidarburkina.bf\/wp-content\/uploads\/DSC1073-1-300x200.jpg 300w, https:\/\/www.solidarburkina.bf\/wp-content\/uploads\/DSC1073-1-150x100.jpg 150w, https:\/\/www.solidarburkina.bf\/wp-content\/uploads\/DSC1073-1-768x512.jpg 768w, https:\/\/www.solidarburkina.bf\/wp-content\/uploads\/DSC1073-1-1536x1024.jpg 1536w, https:\/\/www.solidarburkina.bf\/wp-content\/uploads\/DSC1073-1-scaled.jpg 2048w, https:\/\/www.solidarburkina.bf\/wp-content\/uploads\/DSC1073-1-240x160.jpg 240w, https:\/\/www.solidarburkina.bf\/wp-content\/uploads\/DSC1073-1-160x107.jpg 160w, https:\/\/www.solidarburkina.bf\/wp-content\/uploads\/DSC1073-1-120x80.jpg 120w, https:\/\/www.solidarburkina.bf\/wp-content\/uploads\/DSC1073-1-80x53.jpg 80w, https:\/\/www.solidarburkina.bf\/wp-content\/uploads\/DSC1073-1-1320x880.jpg 1320w\" sizes=\"(max-width: 1024px) 100vw, 1024px\" \/><figcaption class=\"wp-element-caption\"><em>Mr. Dieudonn\u00e9 R. ZAONGO, Country Representative of Solidar Suisse Burkina Faso, consortium leader, congratulated the various players on their commitment and invited them to redouble their efforts to achieve the objectives of the PROMESSE-FP project.<\/em><\/figcaption><\/figure>\n\n<p>As a reminder, the PROMESSE-FP project aims to improve access for girls and women in the intervention regions to a quality education and vocational training system, and to decent incomes. The project covers the North, Centre-North, East and Sahel regions. It is being implemented with the financial support of the Netherlands Embassy in Burkina Faso.  <\/p>\n\n<figure class=\"wp-block-image size-large\"><img decoding=\"async\" width=\"1024\" height=\"683\" src=\"https:\/\/www.solidarburkina.bf\/wp-content\/uploads\/DSC1257-1024x683.jpg\" alt=\"\" class=\"wp-image-7467\" srcset=\"https:\/\/www.solidarburkina.bf\/wp-content\/uploads\/DSC1257-1024x683.jpg 1024w, https:\/\/www.solidarburkina.bf\/wp-content\/uploads\/DSC1257-300x200.jpg 300w, https:\/\/www.solidarburkina.bf\/wp-content\/uploads\/DSC1257-150x100.jpg 150w, https:\/\/www.solidarburkina.bf\/wp-content\/uploads\/DSC1257-768x512.jpg 768w, https:\/\/www.solidarburkina.bf\/wp-content\/uploads\/DSC1257-1536x1024.jpg 1536w, https:\/\/www.solidarburkina.bf\/wp-content\/uploads\/DSC1257-scaled.jpg 2048w, https:\/\/www.solidarburkina.bf\/wp-content\/uploads\/DSC1257-240x160.jpg 240w, https:\/\/www.solidarburkina.bf\/wp-content\/uploads\/DSC1257-160x107.jpg 160w, https:\/\/www.solidarburkina.bf\/wp-content\/uploads\/DSC1257-120x80.jpg 120w, https:\/\/www.solidarburkina.bf\/wp-content\/uploads\/DSC1257-80x53.jpg 80w, https:\/\/www.solidarburkina.bf\/wp-content\/uploads\/DSC1257-1320x880.jpg 1320w\" sizes=\"(max-width: 1024px) 100vw, 1024px\" \/><figcaption class=\"wp-element-caption\">Family photo after the match<\/figcaption><\/figure>\n","protected":false},"excerpt":{"rendered":"<p>On April 01, 2022, the quarterly meeting of the &#8220;Promotion de l&#8217;acc\u00e8s des filles \u00e0 un Syst\u00e8me Educatif et de Formation Professionnelle de qualit\u00e9 (PROMESSE-FP)&#8221; project (the Solidar Suisse- Educo &#8211; Aflatoun international consortium and its local partners ARFA, Tin-Tua, OCADES Ouahigouya, OCADES Kaya, CCEB, APIJ-CN, Tabital Lobal, CRUS, UFC Dori) was held in the [&hellip;]<\/p>\n","protected":false},"author":4,"featured_media":38358,"comment_status":"closed","ping_status":"closed","sticky":false,"template":"","format":"image","meta":{"_seopress_robots_primary_cat":"none","_seopress_titles_title":"","_seopress_titles_desc":"","_seopress_robots_index":"","footnotes":""},"categories":[77,286,1],"domaine":[309,322,307],"approche":[312,311],"class_list":{"0":"post-38347","1":"post","2":"type-post","3":"status-publish","4":"format-image","5":"has-post-thumbnail","7":"category-actualites","8":"category-news","9":"category-non-categorise","10":"post_format-post-format-image","11":"domaine-decent-work","12":"domaine-type","13":"domaine-womens-economic-empowerment","14":"approche-afi-d","15":"approche-aflatoun-approach"},"_links":{"self":[{"href":"https:\/\/www.solidarburkina.bf\/en\/wp-json\/wp\/v2\/posts\/38347","targetHints":{"allow":["GET"]}}],"collection":[{"href":"https:\/\/www.solidarburkina.bf\/en\/wp-json\/wp\/v2\/posts"}],"about":[{"href":"https:\/\/www.solidarburkina.bf\/en\/wp-json\/wp\/v2\/types\/post"}],"author":[{"embeddable":true,"href":"https:\/\/www.solidarburkina.bf\/en\/wp-json\/wp\/v2\/users\/4"}],"replies":[{"embeddable":true,"href":"https:\/\/www.solidarburkina.bf\/en\/wp-json\/wp\/v2\/comments?post=38347"}],"version-history":[{"count":1,"href":"https:\/\/www.solidarburkina.bf\/en\/wp-json\/wp\/v2\/posts\/38347\/revisions"}],"predecessor-version":[{"id":38361,"href":"https:\/\/www.solidarburkina.bf\/en\/wp-json\/wp\/v2\/posts\/38347\/revisions\/38361"}],"wp:featuredmedia":[{"embeddable":true,"href":"https:\/\/www.solidarburkina.bf\/en\/wp-json\/wp\/v2\/media\/38358"}],"wp:attachment":[{"href":"https:\/\/www.solidarburkina.bf\/en\/wp-json\/wp\/v2\/media?parent=38347"}],"wp:term":[{"taxonomy":"category","embeddable":true,"href":"https:\/\/www.solidarburkina.bf\/en\/wp-json\/wp\/v2\/categories?post=38347"},{"taxonomy":"domaine","embeddable":true,"href":"https:\/\/www.solidarburkina.bf\/en\/wp-json\/wp\/v2\/domaine?post=38347"},{"taxonomy":"approche","embeddable":true,"href":"https:\/\/www.solidarburkina.bf\/en\/wp-json\/wp\/v2\/approche?post=38347"}],"curies":[{"name":"wp","href":"https:\/\/api.w.org\/{rel}","templated":true}]}}