{"id":38416,"date":"2022-03-15T17:00:11","date_gmt":"2022-03-15T17:00:11","guid":{"rendered":"https:\/\/www.solidarburkina.bf\/womens-economic-empowerment-in-the-eastern-region-the-promesse-fp-project-aims-to-improve-access-for-girls-and-women-to-quality-education-and-vocational-training\/"},"modified":"2026-01-21T10:10:34","modified_gmt":"2026-01-21T10:10:34","slug":"womens-economic-empowerment-in-the-eastern-region-the-promesse-fp-project-aims-to-improve-access-for-girls-and-women-to-quality-education-and-vocational-training","status":"publish","type":"post","link":"https:\/\/www.solidarburkina.bf\/en\/womens-economic-empowerment-in-the-eastern-region-the-promesse-fp-project-aims-to-improve-access-for-girls-and-women-to-quality-education-and-vocational-training\/","title":{"rendered":"Women&#8217;s economic empowerment in the Eastern region: the PROMESSE-FP project aims to improve access for girls and women to quality education and vocational training."},"content":{"rendered":"\n<figure class=\"wp-block-image size-large\"><img fetchpriority=\"high\" decoding=\"async\" width=\"1024\" height=\"456\" src=\"https:\/\/www.solidarburkina.bf\/wp-content\/uploads\/DSC0449_PRESIDIUM_CORR-1024x456.jpg\" alt=\"\" class=\"wp-image-7113\" srcset=\"https:\/\/www.solidarburkina.bf\/wp-content\/uploads\/DSC0449_PRESIDIUM_CORR-1024x456.jpg 1024w, https:\/\/www.solidarburkina.bf\/wp-content\/uploads\/DSC0449_PRESIDIUM_CORR-300x134.jpg 300w, https:\/\/www.solidarburkina.bf\/wp-content\/uploads\/DSC0449_PRESIDIUM_CORR-150x67.jpg 150w, https:\/\/www.solidarburkina.bf\/wp-content\/uploads\/DSC0449_PRESIDIUM_CORR-768x342.jpg 768w, https:\/\/www.solidarburkina.bf\/wp-content\/uploads\/DSC0449_PRESIDIUM_CORR-1536x684.jpg 1536w, https:\/\/www.solidarburkina.bf\/wp-content\/uploads\/DSC0449_PRESIDIUM_CORR-scaled.jpg 2048w, https:\/\/www.solidarburkina.bf\/wp-content\/uploads\/DSC0449_PRESIDIUM_CORR-344x153.jpg 344w, https:\/\/www.solidarburkina.bf\/wp-content\/uploads\/DSC0449_PRESIDIUM_CORR-160x71.jpg 160w, https:\/\/www.solidarburkina.bf\/wp-content\/uploads\/DSC0449_PRESIDIUM_CORR-172x77.jpg 172w, https:\/\/www.solidarburkina.bf\/wp-content\/uploads\/DSC0449_PRESIDIUM_CORR-80x36.jpg 80w, https:\/\/www.solidarburkina.bf\/wp-content\/uploads\/DSC0449_PRESIDIUM_CORR-1320x588.jpg 1320w\" sizes=\"(max-width: 1024px) 100vw, 1024px\" \/><figcaption class=\"wp-element-caption\"><em>Presidium at the Forum des m\u00e9tiers, from left to right: Mr Abel BEDA (General Coordinator of ARFA), Mr Guiani DIALLO (Head of the Vocational Training Department, representing the Regional Director in charge of youth) and Mr Saydou SAVADOGO (Head of the PROMESSE-FP project of the NGO Solidar Suisse).<\/em><\/figcaption><\/figure>\n\n<p>On March 10, 2022, a forum on promising trades was held in Fada N&#8217;Gourma. The main aim of the forum was to <em>&#8220;enable young girls and women to discover and choose a promising trade for apprenticeship with Master Craftsmen&#8221;.<\/em> Organized in collaboration with the<em>Association pour la Recherche et la Formation Agro-\u00e9cologie (ARFA<\/em>)<strong>,<\/strong> the forum provided an opportunity for beneficiaries, trade professionals, financing structures and successful models from the region to discover and share their experiences of female entrepreneurship.    <\/p>\n\n<p>For the 2022 edition, 180 young girls and women (including 63 internally displaced persons) will be trained for a short period in promising and innovative trades in the towns of Fada and Gayeri. To increase the chances of success, the beneficiaries&#8217; parents and\/or husbands are involved in the training and installation process, hence their presence at the trades forum. In his closing remarks, Mr <strong>. Guiani DIALLO<\/strong>, head of the vocational training department, representing the Regional Director in charge of youth, thanked the partners for choosing the East region to implement the <em>Promotion de l&#8217;acc\u00e8s des filles \u00e0 un Syst\u00e8me Educatif et de Formation Professionnelle de qualit\u00e9 (PROMESSE-FP)<\/em> project. He also urged the beneficiaries to be assiduous during their training period, in order to ultimately achieve the project&#8217;s objectives.   <\/p>\n\n<p><strong>A visit to master craftsmen in the town of Fada revealed the self-sacrifice of the learners in cohort 2021.<\/strong><\/p>\n\n<figure class=\"wp-block-image size-large\"><img decoding=\"async\" width=\"1024\" height=\"683\" src=\"https:\/\/www.solidarburkina.bf\/wp-content\/uploads\/DSC0564-1024x683.jpg\" alt=\"\" class=\"wp-image-7115\" srcset=\"https:\/\/www.solidarburkina.bf\/wp-content\/uploads\/DSC0564-1024x683.jpg 1024w, https:\/\/www.solidarburkina.bf\/wp-content\/uploads\/DSC0564-300x200.jpg 300w, https:\/\/www.solidarburkina.bf\/wp-content\/uploads\/DSC0564-150x100.jpg 150w, https:\/\/www.solidarburkina.bf\/wp-content\/uploads\/DSC0564-768x512.jpg 768w, https:\/\/www.solidarburkina.bf\/wp-content\/uploads\/DSC0564-1536x1024.jpg 1536w, https:\/\/www.solidarburkina.bf\/wp-content\/uploads\/DSC0564-scaled.jpg 2048w, https:\/\/www.solidarburkina.bf\/wp-content\/uploads\/DSC0564-240x160.jpg 240w, https:\/\/www.solidarburkina.bf\/wp-content\/uploads\/DSC0564-160x107.jpg 160w, https:\/\/www.solidarburkina.bf\/wp-content\/uploads\/DSC0564-120x80.jpg 120w, https:\/\/www.solidarburkina.bf\/wp-content\/uploads\/DSC0564-80x53.jpg 80w, https:\/\/www.solidarburkina.bf\/wp-content\/uploads\/DSC0564-1320x880.jpg 1320w\" sizes=\"(max-width: 1024px) 100vw, 1024px\" \/><figcaption class=\"wp-element-caption\"><em>Aware of the value of the PROMESSE-FP project in improving their living conditions, after just one month&#8217;s training, the beneficiaries of the 2021 cohort have already made a number of personal achievements.<\/em><\/figcaption><\/figure>\n\n<p>Following the trades forum held on March 10, 2022 to enable young girls and women (from the<sup>2nd<\/sup> cohort of the year 2022) to discover and choose an apprenticeship trade, the day of March 11 was used to observe first-hand the progress of apprenticeships with the 2021 cohort placed with Master Craftsmen (weavers, seamstresses, hairdressers, electricians, etc.). After a month&#8217;s apprenticeship, the overall progress was good, as evidenced by the motivation of the master craftsmen, the regular attendance of the apprentices and their love for their chosen trade. Indeed, as can be seen from the pictures, the learners are already showing off some of their apprenticeship achievements, expressing their gratitude to the PROMESSE-FP project partners for the support they have received to enable them to learn a trade that will help them become economically independent.  <\/p>\n\n<p>As a reminder, these short apprenticeships of two (02) to seven (07) months (depending on the trade) are part of the training of 3,000 vulnerable girls and women aged 19 to 35 in promising and innovative trades in the project area. The PROMESSE-FP project covers the North, Centre-North, East and Sahel regions over a 44-month period. It is being implemented by the NGO consortium <strong>Solidar Suisse-<\/strong> <strong>Educo<\/strong> and <strong>Aflatoun International<\/strong>, with financial support from the<strong>Dutch Embassy in Burkina Faso. <\/strong>   <\/p>\n","protected":false},"excerpt":{"rendered":"<p>On March 10, 2022, a forum on promising trades was held in Fada N&#8217;Gourma. The main aim of the forum was to &#8220;enable young girls and women to discover and choose a promising trade for apprenticeship with Master Craftsmen&#8221;. Organized in collaboration with theAssociation pour la Recherche et la Formation Agro-\u00e9cologie (ARFA), the forum provided [&hellip;]<\/p>\n","protected":false},"author":4,"featured_media":38422,"comment_status":"closed","ping_status":"closed","sticky":false,"template":"","format":"image","meta":{"_seopress_robots_primary_cat":"none","_seopress_titles_title":"","_seopress_titles_desc":"","_seopress_robots_index":"","footnotes":""},"categories":[77,286,1],"domaine":[309,308,307],"approche":[312,311],"class_list":{"0":"post-38416","1":"post","2":"type-post","3":"status-publish","4":"format-image","5":"has-post-thumbnail","7":"category-actualites","8":"category-news","9":"category-non-categorise","10":"post_format-post-format-image","11":"domaine-decent-work","12":"domaine-training-and-professional-integration-of-young-people","13":"domaine-womens-economic-empowerment","14":"approche-afi-d","15":"approche-aflatoun-approach"},"_links":{"self":[{"href":"https:\/\/www.solidarburkina.bf\/en\/wp-json\/wp\/v2\/posts\/38416","targetHints":{"allow":["GET"]}}],"collection":[{"href":"https:\/\/www.solidarburkina.bf\/en\/wp-json\/wp\/v2\/posts"}],"about":[{"href":"https:\/\/www.solidarburkina.bf\/en\/wp-json\/wp\/v2\/types\/post"}],"author":[{"embeddable":true,"href":"https:\/\/www.solidarburkina.bf\/en\/wp-json\/wp\/v2\/users\/4"}],"replies":[{"embeddable":true,"href":"https:\/\/www.solidarburkina.bf\/en\/wp-json\/wp\/v2\/comments?post=38416"}],"version-history":[{"count":1,"href":"https:\/\/www.solidarburkina.bf\/en\/wp-json\/wp\/v2\/posts\/38416\/revisions"}],"predecessor-version":[{"id":38423,"href":"https:\/\/www.solidarburkina.bf\/en\/wp-json\/wp\/v2\/posts\/38416\/revisions\/38423"}],"wp:featuredmedia":[{"embeddable":true,"href":"https:\/\/www.solidarburkina.bf\/en\/wp-json\/wp\/v2\/media\/38422"}],"wp:attachment":[{"href":"https:\/\/www.solidarburkina.bf\/en\/wp-json\/wp\/v2\/media?parent=38416"}],"wp:term":[{"taxonomy":"category","embeddable":true,"href":"https:\/\/www.solidarburkina.bf\/en\/wp-json\/wp\/v2\/categories?post=38416"},{"taxonomy":"domaine","embeddable":true,"href":"https:\/\/www.solidarburkina.bf\/en\/wp-json\/wp\/v2\/domaine?post=38416"},{"taxonomy":"approche","embeddable":true,"href":"https:\/\/www.solidarburkina.bf\/en\/wp-json\/wp\/v2\/approche?post=38416"}],"curies":[{"name":"wp","href":"https:\/\/api.w.org\/{rel}","templated":true}]}}