{"id":38424,"date":"2022-03-14T15:24:46","date_gmt":"2022-03-14T15:24:46","guid":{"rendered":"https:\/\/www.solidarburkina.bf\/food-security-in-burkina-faso-the-ngo-solidar-suisse-equips-farmers-in-the-commune-of-bousse-with-agricultural-equipment-to-restore-depleted-soils\/"},"modified":"2026-01-21T10:10:34","modified_gmt":"2026-01-21T10:10:34","slug":"food-security-in-burkina-faso-the-ngo-solidar-suisse-equips-farmers-in-the-commune-of-bousse-with-agricultural-equipment-to-restore-depleted-soils","status":"publish","type":"post","link":"https:\/\/www.solidarburkina.bf\/en\/food-security-in-burkina-faso-the-ngo-solidar-suisse-equips-farmers-in-the-commune-of-bousse-with-agricultural-equipment-to-restore-depleted-soils\/","title":{"rendered":"Food security in Burkina Faso: the NGO Solidar Suisse equips farmers in the commune of Bouss\u00e9 with agricultural equipment to restore depleted soils"},"content":{"rendered":"\n<figure class=\"wp-block-image size-large\"><img fetchpriority=\"high\" decoding=\"async\" width=\"1024\" height=\"683\" src=\"https:\/\/www.solidarburkina.bf\/wp-content\/uploads\/DSC0348-1024x683.jpg\" alt=\"\" class=\"wp-image-7496\" srcset=\"https:\/\/www.solidarburkina.bf\/wp-content\/uploads\/DSC0348-1024x683.jpg 1024w, https:\/\/www.solidarburkina.bf\/wp-content\/uploads\/DSC0348-300x200.jpg 300w, https:\/\/www.solidarburkina.bf\/wp-content\/uploads\/DSC0348-150x100.jpg 150w, https:\/\/www.solidarburkina.bf\/wp-content\/uploads\/DSC0348-768x512.jpg 768w, https:\/\/www.solidarburkina.bf\/wp-content\/uploads\/DSC0348-1536x1024.jpg 1536w, https:\/\/www.solidarburkina.bf\/wp-content\/uploads\/DSC0348-scaled.jpg 2048w, https:\/\/www.solidarburkina.bf\/wp-content\/uploads\/DSC0348-240x160.jpg 240w, https:\/\/www.solidarburkina.bf\/wp-content\/uploads\/DSC0348-160x107.jpg 160w, https:\/\/www.solidarburkina.bf\/wp-content\/uploads\/DSC0348-120x80.jpg 120w, https:\/\/www.solidarburkina.bf\/wp-content\/uploads\/DSC0348-80x53.jpg 80w, https:\/\/www.solidarburkina.bf\/wp-content\/uploads\/DSC0348-1320x880.jpg 1320w\" sizes=\"(max-width: 1024px) 100vw, 1024px\" \/><figcaption class=\"wp-element-caption\"><em>A view of the equipment handed over to producers in the commune of Bouss\u00e9<\/em><\/figcaption><\/figure>\n\n<p>On March 07, 2022, a ceremony was held in the commune of Bouss\u00e9 (Kourw\u00e9ogo province) to hand over agricultural equipment to producers belonging to the Tind Yalgr\u00e9 association (ATY). This initiative is part of the implementation of the <strong>Projet Renforcement des moyens d&#8217;existence des populations vuln\u00e9rables (PROREMO-PV<\/strong>), financed by the<strong>NGO Solidar Suisse<\/strong> and implemented in the three provinces of the Plateau Central region. Scheduled to run for 04 years, the main aim of this project is to strengthen the resilience of the Central Plateau region&#8217;s populations in the face of poverty. One hundred and seventy (70) producers, including sixty-five (65) women from the province of Kourw\u00e9ogo, are the lucky beneficiaries of the equipment distributed, having been trained in water and soil conservation\/soil defense and restoration (CES\/DRS) techniques to help increase their production. In the province of Kourw\u00e9ogo, the project is being implemented in partnership with the<strong>Tind Yalgr\u00e9 Association (ATY)<\/strong>.      <\/p>\n\n<p><\/p>\n\n<figure class=\"wp-block-image size-large\"><img decoding=\"async\" width=\"1024\" height=\"683\" src=\"https:\/\/www.solidarburkina.bf\/wp-content\/uploads\/DSC0374-1024x683.jpg\" alt=\"\" class=\"wp-image-7497\" srcset=\"https:\/\/www.solidarburkina.bf\/wp-content\/uploads\/DSC0374-1024x683.jpg 1024w, https:\/\/www.solidarburkina.bf\/wp-content\/uploads\/DSC0374-300x200.jpg 300w, https:\/\/www.solidarburkina.bf\/wp-content\/uploads\/DSC0374-150x100.jpg 150w, https:\/\/www.solidarburkina.bf\/wp-content\/uploads\/DSC0374-768x512.jpg 768w, https:\/\/www.solidarburkina.bf\/wp-content\/uploads\/DSC0374-1536x1024.jpg 1536w, https:\/\/www.solidarburkina.bf\/wp-content\/uploads\/DSC0374-scaled.jpg 2048w, https:\/\/www.solidarburkina.bf\/wp-content\/uploads\/DSC0374-240x160.jpg 240w, https:\/\/www.solidarburkina.bf\/wp-content\/uploads\/DSC0374-160x107.jpg 160w, https:\/\/www.solidarburkina.bf\/wp-content\/uploads\/DSC0374-120x80.jpg 120w, https:\/\/www.solidarburkina.bf\/wp-content\/uploads\/DSC0374-80x53.jpg 80w, https:\/\/www.solidarburkina.bf\/wp-content\/uploads\/DSC0374-1320x880.jpg 1320w\" sizes=\"(max-width: 1024px) 100vw, 1024px\" \/><figcaption class=\"wp-element-caption\"><em>Mrs. T. Germaine OUOBA , Secretary General of the Province of Kourw\u00e9ogo, representing the High Commissioner<\/em><\/figcaption><\/figure>\n\n<p>The official handover ceremony was presided over by <strong>Mrs OUOBA T. Germaine<\/strong>, Secretary General of the Kourw\u00e9ogo province, representing the High Commissioner. In her speech, <strong>Mrs. OUOBA<\/strong> thanked the NGO Solidar Suisse for its support, which contributes greatly to the development of the local vulnerable population. She also invited the beneficiaries to make good use of the equipment received to improve their agricultural yields.  <\/p>\n\n<p><\/p>\n\n<figure class=\"wp-block-image size-large\"><img decoding=\"async\" width=\"1024\" height=\"683\" src=\"https:\/\/www.solidarburkina.bf\/wp-content\/uploads\/DSC0359-1024x683.jpg\" alt=\"\" class=\"wp-image-7498\" srcset=\"https:\/\/www.solidarburkina.bf\/wp-content\/uploads\/DSC0359-1024x683.jpg 1024w, https:\/\/www.solidarburkina.bf\/wp-content\/uploads\/DSC0359-300x200.jpg 300w, https:\/\/www.solidarburkina.bf\/wp-content\/uploads\/DSC0359-150x100.jpg 150w, https:\/\/www.solidarburkina.bf\/wp-content\/uploads\/DSC0359-768x512.jpg 768w, https:\/\/www.solidarburkina.bf\/wp-content\/uploads\/DSC0359-1536x1024.jpg 1536w, https:\/\/www.solidarburkina.bf\/wp-content\/uploads\/DSC0359-scaled.jpg 2048w, https:\/\/www.solidarburkina.bf\/wp-content\/uploads\/DSC0359-240x160.jpg 240w, https:\/\/www.solidarburkina.bf\/wp-content\/uploads\/DSC0359-160x107.jpg 160w, https:\/\/www.solidarburkina.bf\/wp-content\/uploads\/DSC0359-120x80.jpg 120w, https:\/\/www.solidarburkina.bf\/wp-content\/uploads\/DSC0359-80x53.jpg 80w, https:\/\/www.solidarburkina.bf\/wp-content\/uploads\/DSC0359-1320x880.jpg 1320w\" sizes=\"(max-width: 1024px) 100vw, 1024px\" \/><figcaption class=\"wp-element-caption\"><em>In his speech, Mr. Mady SAWADOGO, President of the Association Tind Yalgr\u00e9 (ATY), local partner in the implementation of the PROREMO-PV project, thanked the NGO Solidar Suisse for its constant support and invited the beneficiaries to get down to work for better agricultural yields.<\/em><\/figcaption><\/figure>\n\n<p>&#8220;The materials received by the farmers will enable them to build stone barriers, manure pits, half moons and Za\u00ef to improve agricultural productivity. This will contribute to improving food security, in line with Solidar Suisse&#8217;s strategy,&#8221; said <strong>Micheline OUAMEGA<\/strong>, Economy and Labor Program Manager at Solidar Suisse Burkina Faso.  <\/p>\n\n<p><\/p>\n\n<figure class=\"wp-block-image size-large\"><img loading=\"lazy\" decoding=\"async\" width=\"1024\" height=\"683\" src=\"https:\/\/www.solidarburkina.bf\/wp-content\/uploads\/DSC0370-1024x683.jpg\" alt=\"\" class=\"wp-image-7500\" srcset=\"https:\/\/www.solidarburkina.bf\/wp-content\/uploads\/DSC0370-1024x683.jpg 1024w, https:\/\/www.solidarburkina.bf\/wp-content\/uploads\/DSC0370-300x200.jpg 300w, https:\/\/www.solidarburkina.bf\/wp-content\/uploads\/DSC0370-150x100.jpg 150w, https:\/\/www.solidarburkina.bf\/wp-content\/uploads\/DSC0370-768x512.jpg 768w, https:\/\/www.solidarburkina.bf\/wp-content\/uploads\/DSC0370-1536x1024.jpg 1536w, https:\/\/www.solidarburkina.bf\/wp-content\/uploads\/DSC0370-scaled.jpg 2048w, https:\/\/www.solidarburkina.bf\/wp-content\/uploads\/DSC0370-240x160.jpg 240w, https:\/\/www.solidarburkina.bf\/wp-content\/uploads\/DSC0370-160x107.jpg 160w, https:\/\/www.solidarburkina.bf\/wp-content\/uploads\/DSC0370-120x80.jpg 120w, https:\/\/www.solidarburkina.bf\/wp-content\/uploads\/DSC0370-80x53.jpg 80w, https:\/\/www.solidarburkina.bf\/wp-content\/uploads\/DSC0370-1320x880.jpg 1320w\" sizes=\"(max-width: 1024px) 100vw, 1024px\" \/><figcaption class=\"wp-element-caption\"><em>Ms Micheline OUAMEGA, Programme Manager, Economy and Labour, Solidar Suisse Burkina Faso<\/em><\/figcaption><\/figure>\n\n<p><\/p>\n\n<figure class=\"wp-block-image size-large\"><img loading=\"lazy\" decoding=\"async\" width=\"1024\" height=\"683\" src=\"https:\/\/www.solidarburkina.bf\/wp-content\/uploads\/DSC0343-1024x683.jpg\" alt=\"\" class=\"wp-image-7501\" srcset=\"https:\/\/www.solidarburkina.bf\/wp-content\/uploads\/DSC0343-1024x683.jpg 1024w, https:\/\/www.solidarburkina.bf\/wp-content\/uploads\/DSC0343-300x200.jpg 300w, https:\/\/www.solidarburkina.bf\/wp-content\/uploads\/DSC0343-150x100.jpg 150w, https:\/\/www.solidarburkina.bf\/wp-content\/uploads\/DSC0343-768x512.jpg 768w, https:\/\/www.solidarburkina.bf\/wp-content\/uploads\/DSC0343-1536x1024.jpg 1536w, https:\/\/www.solidarburkina.bf\/wp-content\/uploads\/DSC0343-scaled.jpg 2048w, https:\/\/www.solidarburkina.bf\/wp-content\/uploads\/DSC0343-240x160.jpg 240w, https:\/\/www.solidarburkina.bf\/wp-content\/uploads\/DSC0343-160x107.jpg 160w, https:\/\/www.solidarburkina.bf\/wp-content\/uploads\/DSC0343-120x80.jpg 120w, https:\/\/www.solidarburkina.bf\/wp-content\/uploads\/DSC0343-80x53.jpg 80w, https:\/\/www.solidarburkina.bf\/wp-content\/uploads\/DSC0343-1320x880.jpg 1320w\" sizes=\"(max-width: 1024px) 100vw, 1024px\" \/><figcaption class=\"wp-element-caption\"><em>A view of the participants at the official handover ceremony.<\/em><\/figcaption><\/figure>\n","protected":false},"excerpt":{"rendered":"<p>On March 07, 2022, a ceremony was held in the commune of Bouss\u00e9 (Kourw\u00e9ogo province) to hand over agricultural equipment to producers belonging to the Tind Yalgr\u00e9 association (ATY). This initiative is part of the implementation of the Projet Renforcement des moyens d&#8217;existence des populations vuln\u00e9rables (PROREMO-PV), financed by theNGO Solidar Suisse and implemented in [&hellip;]<\/p>\n","protected":false},"author":4,"featured_media":38440,"comment_status":"closed","ping_status":"closed","sticky":false,"template":"","format":"image","meta":{"_seopress_robots_primary_cat":"","_seopress_titles_title":"","_seopress_titles_desc":"","_seopress_robots_index":"","footnotes":""},"categories":[77,1],"domaine":[298,310,294,316,293,295],"approche":[],"class_list":{"0":"post-38424","1":"post","2":"type-post","3":"status-publish","4":"format-image","5":"has-post-thumbnail","7":"category-actualites","8":"category-non-categorise","9":"post_format-post-format-image","10":"domaine-agricultural-entrepreneurship","11":"domaine-agroecology","12":"domaine-climate-change-resilience","13":"domaine-family-farming","14":"domaine-food-safety","15":"domaine-humanitarian-aid"},"_links":{"self":[{"href":"https:\/\/www.solidarburkina.bf\/en\/wp-json\/wp\/v2\/posts\/38424","targetHints":{"allow":["GET"]}}],"collection":[{"href":"https:\/\/www.solidarburkina.bf\/en\/wp-json\/wp\/v2\/posts"}],"about":[{"href":"https:\/\/www.solidarburkina.bf\/en\/wp-json\/wp\/v2\/types\/post"}],"author":[{"embeddable":true,"href":"https:\/\/www.solidarburkina.bf\/en\/wp-json\/wp\/v2\/users\/4"}],"replies":[{"embeddable":true,"href":"https:\/\/www.solidarburkina.bf\/en\/wp-json\/wp\/v2\/comments?post=38424"}],"version-history":[{"count":1,"href":"https:\/\/www.solidarburkina.bf\/en\/wp-json\/wp\/v2\/posts\/38424\/revisions"}],"predecessor-version":[{"id":38441,"href":"https:\/\/www.solidarburkina.bf\/en\/wp-json\/wp\/v2\/posts\/38424\/revisions\/38441"}],"wp:featuredmedia":[{"embeddable":true,"href":"https:\/\/www.solidarburkina.bf\/en\/wp-json\/wp\/v2\/media\/38440"}],"wp:attachment":[{"href":"https:\/\/www.solidarburkina.bf\/en\/wp-json\/wp\/v2\/media?parent=38424"}],"wp:term":[{"taxonomy":"category","embeddable":true,"href":"https:\/\/www.solidarburkina.bf\/en\/wp-json\/wp\/v2\/categories?post=38424"},{"taxonomy":"domaine","embeddable":true,"href":"https:\/\/www.solidarburkina.bf\/en\/wp-json\/wp\/v2\/domaine?post=38424"},{"taxonomy":"approche","embeddable":true,"href":"https:\/\/www.solidarburkina.bf\/en\/wp-json\/wp\/v2\/approche?post=38424"}],"curies":[{"name":"wp","href":"https:\/\/api.w.org\/{rel}","templated":true}]}}