{"id":38443,"date":"2023-03-10T15:58:00","date_gmt":"2023-03-10T15:58:00","guid":{"rendered":"https:\/\/www.solidarburkina.bf\/gender-and-digital-inclusion-solidar-suisse-shares-the-experience-of-the-promesse-fp-project-at-a-panel-organized-as-part-of-the-celebration-of-08-march-2023\/"},"modified":"2026-01-21T10:11:05","modified_gmt":"2026-01-21T10:11:05","slug":"gender-and-digital-inclusion-solidar-suisse-shares-the-experience-of-the-promesse-fp-project-at-a-panel-organized-as-part-of-the-celebration-of-08-march-2023","status":"publish","type":"post","link":"https:\/\/www.solidarburkina.bf\/en\/gender-and-digital-inclusion-solidar-suisse-shares-the-experience-of-the-promesse-fp-project-at-a-panel-organized-as-part-of-the-celebration-of-08-march-2023\/","title":{"rendered":"Gender and digital inclusion: Solidar Suisse shares the experience of the PROMESSE-FP project at a panel organized as part of the celebration of 08 March 2023"},"content":{"rendered":"\n<p>&#8220;\ud835\udde3\ud835\uddff\ud835\uddf2\u0301\ud835\ude00\ud835\uddf2\ud835\uddfb\ud835\ude01\ud835\uddf2\ud835\uddff \ud835\uddee\ud835\ude02\ud835\ude05 \ud835\uddfd\ud835\uddee\ud835\uddff\ud835\ude01\ud835\uddf6\ud835\uddf0\ud835\uddf6\ud835\uddfd\ud835\uddee\ud835\uddfb\ud835\ude01\ud835\ude00 \ud835\uddf9\ud835\uddee \ud835\uddfd\ud835\uddff\ud835\uddfc\ud835\uddef\ud835\uddf9\ud835\uddf2\u0301\ud835\uddfa\ud835\uddee\ud835\ude01\ud835\uddf6\ud835\uddfe\ud835\ude02\ud835\uddf2 \ud835\uddf4\ud835\uddf2\ud835\uddfb\ud835\uddff\ud835\uddf2 \ud835\uddf2\ud835\ude01 \ud835\uddf1&#8217;\ud835\uddf6\ud835\uddfb\ud835\uddf0\ud835\uddf9\ud835\ude02\ud835\ude00\ud835\uddf6\ud835\uddfc\ud835\uddfb \ud835\uddfb\ud835\ude02\ud835\uddfa\ud835\uddf2\u0301\ud835\uddff\ud835\uddf6\ud835\uddfe\ud835\ude02\ud835\uddf2 \ud835\uddee\ud835\uddf6\ud835\uddfb\ud835\ude00\ud835\uddf6 \ud835\uddfe\ud835\ude02\ud835\uddf2 \ud835\uddf1\ud835\uddf2\ud835\ude00 \ud835\uddf2\ud835\ude05\ud835\uddfd\ud835\uddf2\u0301\ud835\uddff\ud835\uddf6\ud835\uddf2\ud835\uddfb\ud835\uddf0\ud835\uddf2\ud835\ude00 \ud835\uddf1\ud835\uddf2 \ud835\uddfd\ud835\uddff\ud835\uddfc\ud835\uddf7\ud835\uddf2\ud835\ude01\ud835\ude00 \ud835\uddf1&#8217;\ud835\uddf6\ud835\uddfb\ud835\uddf0\ud835\uddf9\ud835\ude02\ud835\ude00\ud835\uddf6\ud835\uddfc\ud835\uddfb \ud835\uddfb\ud835\ude02\ud835\uddfa\ud835\uddf2\u0301\ud835\uddff\ud835\uddf6\ud835\uddfe\ud835\ude02\ud835\uddf2 \ud835\uddfc\ud835\uddff\ud835\uddf6\ud835\uddf2\ud835\uddfb\ud835\ude01\ud835\uddf2\u0301\ud835\uddf2\ud835\ude00 \ud835\ude00\ud835\ude02\ud835\uddff \ud835\uddf9\ud835\uddf2\ud835\ude00 \ud835\uddf7\ud835\uddf2\ud835\ude02\ud835\uddfb\ud835\uddf2\ud835\ude00 \ud835\uddf3\ud835\uddf2\ud835\uddfa\ud835\uddfa\ud835\uddf2\ud835\ude00 \ud835\uddf2\ud835\uddfb \ud835\uddfa\ud835\uddf6\ud835\uddf9\ud835\uddf6\ud835\uddf2\ud835\ude02 \ud835\uddff\ud835\ude02\ud835\uddff\ud835\uddee\ud835\uddf9&#8221;<\/p>\n\n<p>This is the aim of the workshop organized by the Pan-African Institute for Development &#8211; West Africa and Sahel (Ipd-Aos) on March 07, 2023 as part of the celebration of International Women&#8217;s Day.<\/p>\n\n<p>On this occasion, the experience of the &#8220;Promotion de l&#8217;acc\u00e8s des filles \u00e0 un Syst\u00e8me Educatif et de Formation Professionnelle de qualit\u00e9 (PROMESSE FP)&#8221; project on capacity building for rural girls and women in the use of social networks to promote their income-generating activities was presented.<\/p>\n\n<p>Over the course of 2022, 1,235 girls and women were trained in digital marketing techniques through the Facebook and WhatsApp Business platforms, in the project&#8217;s four implementation regions: the North, Centre North, Sahel and East.<\/p>\n\n<p>In addition, a Facebook page and WhatsApp groups created and run by the women in the 04 regions are already enabling them to access profitable markets and orders.<\/p>\n\n<p>As a reminder, through this approach, the PROMESSE-FP project ultimately aims to build the capacity of 6,000 girls and women in the informal sector to use ICTs to promote their business activities and improve their incomes.  <\/p>\n\n<p>Find out more about the PROMESSE-FP project here: <a href=\"https:\/\/bit.ly\/3ytoo3U\">https:\/\/bit.ly\/3ytoo3U<\/a><\/p>\n\n<figure class=\"wp-block-image size-large\"><img fetchpriority=\"high\" decoding=\"async\" width=\"1024\" height=\"683\" src=\"https:\/\/www.solidarburkina.bf\/wp-content\/uploads\/2-2-1-1024x683.jpg\" alt=\"\" class=\"wp-image-8787\" srcset=\"https:\/\/www.solidarburkina.bf\/wp-content\/uploads\/2-2-1-1024x683.jpg 1024w, https:\/\/www.solidarburkina.bf\/wp-content\/uploads\/2-2-1-300x200.jpg 300w, https:\/\/www.solidarburkina.bf\/wp-content\/uploads\/2-2-1-150x100.jpg 150w, https:\/\/www.solidarburkina.bf\/wp-content\/uploads\/2-2-1-768x512.jpg 768w, https:\/\/www.solidarburkina.bf\/wp-content\/uploads\/2-2-1-1536x1024.jpg 1536w, https:\/\/www.solidarburkina.bf\/wp-content\/uploads\/2-2-1-scaled.jpg 2048w, https:\/\/www.solidarburkina.bf\/wp-content\/uploads\/2-2-1-240x160.jpg 240w, https:\/\/www.solidarburkina.bf\/wp-content\/uploads\/2-2-1-160x107.jpg 160w, https:\/\/www.solidarburkina.bf\/wp-content\/uploads\/2-2-1-120x80.jpg 120w, https:\/\/www.solidarburkina.bf\/wp-content\/uploads\/2-2-1-80x53.jpg 80w, https:\/\/www.solidarburkina.bf\/wp-content\/uploads\/2-2-1-1320x880.jpg 1320w\" sizes=\"(max-width: 1024px) 100vw, 1024px\" \/><figcaption class=\"wp-element-caption\"><em>Delighted by the interest shown in its actions in favor of women&#8217;s digital inclusion, the workshop was attended by Solidar Suisse&#8217;s top executives<\/em> <\/figcaption><\/figure>\n","protected":false},"excerpt":{"rendered":"<p>&#8220;\ud835\udde3\ud835\uddff\ud835\uddf2\u0301\ud835\ude00\ud835\uddf2\ud835\uddfb\ud835\ude01\ud835\uddf2\ud835\uddff \ud835\uddee\ud835\ude02\ud835\ude05 \ud835\uddfd\ud835\uddee\ud835\uddff\ud835\ude01\ud835\uddf6\ud835\uddf0\ud835\uddf6\ud835\uddfd\ud835\uddee\ud835\uddfb\ud835\ude01\ud835\ude00 \ud835\uddf9\ud835\uddee \ud835\uddfd\ud835\uddff\ud835\uddfc\ud835\uddef\ud835\uddf9\ud835\uddf2\u0301\ud835\uddfa\ud835\uddee\ud835\ude01\ud835\uddf6\ud835\uddfe\ud835\ude02\ud835\uddf2 \ud835\uddf4\ud835\uddf2\ud835\uddfb\ud835\uddff\ud835\uddf2 \ud835\uddf2\ud835\ude01 \ud835\uddf1&#8217;\ud835\uddf6\ud835\uddfb\ud835\uddf0\ud835\uddf9\ud835\ude02\ud835\ude00\ud835\uddf6\ud835\uddfc\ud835\uddfb \ud835\uddfb\ud835\ude02\ud835\uddfa\ud835\uddf2\u0301\ud835\uddff\ud835\uddf6\ud835\uddfe\ud835\ude02\ud835\uddf2 \ud835\uddee\ud835\uddf6\ud835\uddfb\ud835\ude00\ud835\uddf6 \ud835\uddfe\ud835\ude02\ud835\uddf2 \ud835\uddf1\ud835\uddf2\ud835\ude00 \ud835\uddf2\ud835\ude05\ud835\uddfd\ud835\uddf2\u0301\ud835\uddff\ud835\uddf6\ud835\uddf2\ud835\uddfb\ud835\uddf0\ud835\uddf2\ud835\ude00 \ud835\uddf1\ud835\uddf2 \ud835\uddfd\ud835\uddff\ud835\uddfc\ud835\uddf7\ud835\uddf2\ud835\ude01\ud835\ude00 \ud835\uddf1&#8217;\ud835\uddf6\ud835\uddfb\ud835\uddf0\ud835\uddf9\ud835\ude02\ud835\ude00\ud835\uddf6\ud835\uddfc\ud835\uddfb \ud835\uddfb\ud835\ude02\ud835\uddfa\ud835\uddf2\u0301\ud835\uddff\ud835\uddf6\ud835\uddfe\ud835\ude02\ud835\uddf2 \ud835\uddfc\ud835\uddff\ud835\uddf6\ud835\uddf2\ud835\uddfb\ud835\ude01\ud835\uddf2\u0301\ud835\uddf2\ud835\ude00 \ud835\ude00\ud835\ude02\ud835\uddff \ud835\uddf9\ud835\uddf2\ud835\ude00 \ud835\uddf7\ud835\uddf2\ud835\ude02\ud835\uddfb\ud835\uddf2\ud835\ude00 \ud835\uddf3\ud835\uddf2\ud835\uddfa\ud835\uddfa\ud835\uddf2\ud835\ude00 \ud835\uddf2\ud835\uddfb \ud835\uddfa\ud835\uddf6\ud835\uddf9\ud835\uddf6\ud835\uddf2\ud835\ude02 \ud835\uddff\ud835\ude02\ud835\uddff\ud835\uddee\ud835\uddf9&#8221; This is the aim of the workshop organized by the Pan-African Institute for Development &#8211; West Africa and Sahel (Ipd-Aos) on March 07, 2023 as part of the celebration of [&hellip;]<\/p>\n","protected":false},"author":4,"featured_media":38445,"comment_status":"closed","ping_status":"closed","sticky":false,"template":"","format":"standard","meta":{"_seopress_robots_primary_cat":"","_seopress_titles_title":"","_seopress_titles_desc":"","_seopress_robots_index":"","footnotes":""},"categories":[77,1],"domaine":[308,322,307],"approche":[],"class_list":{"0":"post-38443","1":"post","2":"type-post","3":"status-publish","4":"format-standard","5":"has-post-thumbnail","7":"category-actualites","8":"category-non-categorise","9":"domaine-training-and-professional-integration-of-young-people","10":"domaine-type","11":"domaine-womens-economic-empowerment"},"_links":{"self":[{"href":"https:\/\/www.solidarburkina.bf\/en\/wp-json\/wp\/v2\/posts\/38443","targetHints":{"allow":["GET"]}}],"collection":[{"href":"https:\/\/www.solidarburkina.bf\/en\/wp-json\/wp\/v2\/posts"}],"about":[{"href":"https:\/\/www.solidarburkina.bf\/en\/wp-json\/wp\/v2\/types\/post"}],"author":[{"embeddable":true,"href":"https:\/\/www.solidarburkina.bf\/en\/wp-json\/wp\/v2\/users\/4"}],"replies":[{"embeddable":true,"href":"https:\/\/www.solidarburkina.bf\/en\/wp-json\/wp\/v2\/comments?post=38443"}],"version-history":[{"count":1,"href":"https:\/\/www.solidarburkina.bf\/en\/wp-json\/wp\/v2\/posts\/38443\/revisions"}],"predecessor-version":[{"id":38448,"href":"https:\/\/www.solidarburkina.bf\/en\/wp-json\/wp\/v2\/posts\/38443\/revisions\/38448"}],"wp:featuredmedia":[{"embeddable":true,"href":"https:\/\/www.solidarburkina.bf\/en\/wp-json\/wp\/v2\/media\/38445"}],"wp:attachment":[{"href":"https:\/\/www.solidarburkina.bf\/en\/wp-json\/wp\/v2\/media?parent=38443"}],"wp:term":[{"taxonomy":"category","embeddable":true,"href":"https:\/\/www.solidarburkina.bf\/en\/wp-json\/wp\/v2\/categories?post=38443"},{"taxonomy":"domaine","embeddable":true,"href":"https:\/\/www.solidarburkina.bf\/en\/wp-json\/wp\/v2\/domaine?post=38443"},{"taxonomy":"approche","embeddable":true,"href":"https:\/\/www.solidarburkina.bf\/en\/wp-json\/wp\/v2\/approche?post=38443"}],"curies":[{"name":"wp","href":"https:\/\/api.w.org\/{rel}","templated":true}]}}