{"id":38455,"date":"2023-01-25T15:55:00","date_gmt":"2023-01-25T15:55:00","guid":{"rendered":"https:\/\/www.solidarburkina.bf\/peace-and-social-cohesion-a-community-day-organized-in-dori-to-promote-peace\/"},"modified":"2026-01-21T10:10:59","modified_gmt":"2026-01-21T10:10:59","slug":"peace-and-social-cohesion-a-community-day-organized-in-dori-to-promote-peace","status":"publish","type":"post","link":"https:\/\/www.solidarburkina.bf\/en\/peace-and-social-cohesion-a-community-day-organized-in-dori-to-promote-peace\/","title":{"rendered":"Peace and social cohesion: a community day organized in Dori to promote peace"},"content":{"rendered":"\n<p>As part of the project Inclusive Dialogue for a &#8220;better life together&#8221; for peace and security in the Sahel Region, Solidar Suisse in partnership with the Union fraternelle des croyants (UFC-DORI), organized on February 28, 2019 in the town of Dori, a day of communities to foster interculturality between different communities. The day brought together various stakeholders: communities living in the Sahel region, religious\/cotumier leaders, local authorities, defense and security forces, etc. The day was marked by a number of activities, including a cultural fair, a parade and a tea-time debate.    <\/p>\n\n<ul class=\"wp-block-list\">\n<li>Discover the highlights of the day in this video.<\/li>\n<\/ul>\n\n<figure class=\"wp-block-embed is-type-video is-provider-youtube wp-block-embed-youtube wp-embed-aspect-16-9 wp-has-aspect-ratio\"><div class=\"wp-block-embed__wrapper\">\n<iframe title=\"Paix et coh\u00e9sion sociale : une journ\u00e9e des communaut\u00e9s organis\u00e9e \u00e0 Dori pour promouvoir la paix\" width=\"800\" height=\"450\" src=\"https:\/\/www.youtube.com\/embed\/tRjCRBIXyVU?feature=oembed\" frameborder=\"0\" allow=\"accelerometer; autoplay; clipboard-write; encrypted-media; gyroscope; picture-in-picture; web-share\" referrerpolicy=\"strict-origin-when-cross-origin\" allowfullscreen><\/iframe>\n<\/div><\/figure>\n\n<p><\/p>\n\n<ul class=\"wp-block-list\">\n<li>Find out more about the project in this documentary<\/li>\n<\/ul>\n\n<figure class=\"wp-block-embed is-type-video is-provider-youtube wp-block-embed-youtube wp-embed-aspect-16-9 wp-has-aspect-ratio\"><div class=\"wp-block-embed__wrapper\">\n<iframe title=\"Projet Dialogue inclusif pour un \u00ab mieux vivre ensemble \u00bb  : Film de capitalisation\" width=\"800\" height=\"450\" src=\"https:\/\/www.youtube.com\/embed\/1c-KoOQuGJI?feature=oembed\" frameborder=\"0\" allow=\"accelerometer; autoplay; clipboard-write; encrypted-media; gyroscope; picture-in-picture; web-share\" referrerpolicy=\"strict-origin-when-cross-origin\" allowfullscreen><\/iframe>\n<\/div><\/figure>\n","protected":false},"excerpt":{"rendered":"<p>As part of the project Inclusive Dialogue for a &#8220;better life together&#8221; for peace and security in the Sahel Region, Solidar Suisse in partnership with the Union fraternelle des croyants (UFC-DORI), organized on February 28, 2019 in the town of Dori, a day of communities to foster interculturality between different communities. The day brought together [&hellip;]<\/p>\n","protected":false},"author":4,"featured_media":38457,"comment_status":"closed","ping_status":"closed","sticky":false,"template":"","format":"video","meta":{"_seopress_robots_primary_cat":"","_seopress_titles_title":"","_seopress_titles_desc":"","_seopress_robots_index":"","footnotes":""},"categories":[93,290,1],"domaine":[306,289],"approche":[287],"class_list":{"0":"post-38455","1":"post","2":"type-post","3":"status-publish","4":"format-video","5":"has-post-thumbnail","7":"category-capitalisation","8":"category-capitalization","9":"category-non-categorise","10":"post_format-post-format-video","11":"domaine-interculturality-and-non-violent-communication","12":"domaine-peace-and-social-cohesion","13":"approche-clp"},"_links":{"self":[{"href":"https:\/\/www.solidarburkina.bf\/en\/wp-json\/wp\/v2\/posts\/38455","targetHints":{"allow":["GET"]}}],"collection":[{"href":"https:\/\/www.solidarburkina.bf\/en\/wp-json\/wp\/v2\/posts"}],"about":[{"href":"https:\/\/www.solidarburkina.bf\/en\/wp-json\/wp\/v2\/types\/post"}],"author":[{"embeddable":true,"href":"https:\/\/www.solidarburkina.bf\/en\/wp-json\/wp\/v2\/users\/4"}],"replies":[{"embeddable":true,"href":"https:\/\/www.solidarburkina.bf\/en\/wp-json\/wp\/v2\/comments?post=38455"}],"version-history":[{"count":1,"href":"https:\/\/www.solidarburkina.bf\/en\/wp-json\/wp\/v2\/posts\/38455\/revisions"}],"predecessor-version":[{"id":38459,"href":"https:\/\/www.solidarburkina.bf\/en\/wp-json\/wp\/v2\/posts\/38455\/revisions\/38459"}],"wp:featuredmedia":[{"embeddable":true,"href":"https:\/\/www.solidarburkina.bf\/en\/wp-json\/wp\/v2\/media\/38457"}],"wp:attachment":[{"href":"https:\/\/www.solidarburkina.bf\/en\/wp-json\/wp\/v2\/media?parent=38455"}],"wp:term":[{"taxonomy":"category","embeddable":true,"href":"https:\/\/www.solidarburkina.bf\/en\/wp-json\/wp\/v2\/categories?post=38455"},{"taxonomy":"domaine","embeddable":true,"href":"https:\/\/www.solidarburkina.bf\/en\/wp-json\/wp\/v2\/domaine?post=38455"},{"taxonomy":"approche","embeddable":true,"href":"https:\/\/www.solidarburkina.bf\/en\/wp-json\/wp\/v2\/approche?post=38455"}],"curies":[{"name":"wp","href":"https:\/\/api.w.org\/{rel}","templated":true}]}}