{"id":38467,"date":"2022-07-04T11:20:00","date_gmt":"2022-07-04T11:20:00","guid":{"rendered":"https:\/\/www.solidarburkina.bf\/monitoring-the-implementation-of-the-promesse-fp-project-the-steering-committee-holds-its-first-session\/"},"modified":"2026-01-21T10:10:47","modified_gmt":"2026-01-21T10:10:47","slug":"monitoring-the-implementation-of-the-promesse-fp-project-the-steering-committee-holds-its-first-session","status":"publish","type":"post","link":"https:\/\/www.solidarburkina.bf\/en\/monitoring-the-implementation-of-the-promesse-fp-project-the-steering-committee-holds-its-first-session\/","title":{"rendered":"Monitoring the implementation of the PROMESSE FP project: the steering committee holds its first session"},"content":{"rendered":"\n<p>On Thursday June 30, 2022, the first session of the steering committee for the &#8220;Promotion de l&#8217;acc\u00e8s des filles \u00e0 un Syst\u00e8me \u00c9ducatif et de Formation Professionnelle (PROMESSE-FP)&#8221; project was held in Ouagadougou.<\/p>\n\n<p>This committee, made up of 20 members from state institutions and NGOs involved in vocational training issues, is the technical body responsible for monitoring and guiding the implementation of PROMESSE-FP project activities. This first session provided an opportunity to clarify the committee&#8217;s roles and responsibilities, present the project and review the status of implementation of the 2021 action plan and the 2022 work plan.   <\/p>\n\n<p><em><strong>A look back at the BF1 television report<\/strong><\/em><\/p>\n\n<figure class=\"wp-block-embed is-type-video is-provider-youtube wp-block-embed-youtube wp-embed-aspect-16-9 wp-has-aspect-ratio\"><div class=\"wp-block-embed__wrapper\">\n<iframe title=\"Suivi de la mise en \u0153uvre du projet PROMESSE FP : le comit\u00e9 de pilotage tient sa premi\u00e8re session\" width=\"800\" height=\"450\" src=\"https:\/\/www.youtube.com\/embed\/DUuI4yjxPr0?feature=oembed\" frameborder=\"0\" allow=\"accelerometer; autoplay; clipboard-write; encrypted-media; gyroscope; picture-in-picture; web-share\" referrerpolicy=\"strict-origin-when-cross-origin\" allowfullscreen><\/iframe>\n<\/div><\/figure>\n","protected":false},"excerpt":{"rendered":"<p>On Thursday June 30, 2022, the first session of the steering committee for the &#8220;Promotion de l&#8217;acc\u00e8s des filles \u00e0 un Syst\u00e8me \u00c9ducatif et de Formation Professionnelle (PROMESSE-FP)&#8221; project was held in Ouagadougou. This committee, made up of 20 members from state institutions and NGOs involved in vocational training issues, is the technical body responsible [&hellip;]<\/p>\n","protected":false},"author":4,"featured_media":38469,"comment_status":"closed","ping_status":"closed","sticky":false,"template":"","format":"video","meta":{"_seopress_robots_primary_cat":"","_seopress_titles_title":"","_seopress_titles_desc":"","_seopress_robots_index":"","footnotes":""},"categories":[1,210],"domaine":[309,308,322,307],"approche":[311],"class_list":{"0":"post-38467","1":"post","2":"type-post","3":"status-publish","4":"format-video","5":"has-post-thumbnail","7":"category-non-categorise","8":"category-ressources","9":"post_format-post-format-video","10":"domaine-decent-work","11":"domaine-training-and-professional-integration-of-young-people","12":"domaine-type","13":"domaine-womens-economic-empowerment","14":"approche-aflatoun-approach"},"_links":{"self":[{"href":"https:\/\/www.solidarburkina.bf\/en\/wp-json\/wp\/v2\/posts\/38467","targetHints":{"allow":["GET"]}}],"collection":[{"href":"https:\/\/www.solidarburkina.bf\/en\/wp-json\/wp\/v2\/posts"}],"about":[{"href":"https:\/\/www.solidarburkina.bf\/en\/wp-json\/wp\/v2\/types\/post"}],"author":[{"embeddable":true,"href":"https:\/\/www.solidarburkina.bf\/en\/wp-json\/wp\/v2\/users\/4"}],"replies":[{"embeddable":true,"href":"https:\/\/www.solidarburkina.bf\/en\/wp-json\/wp\/v2\/comments?post=38467"}],"version-history":[{"count":1,"href":"https:\/\/www.solidarburkina.bf\/en\/wp-json\/wp\/v2\/posts\/38467\/revisions"}],"predecessor-version":[{"id":38475,"href":"https:\/\/www.solidarburkina.bf\/en\/wp-json\/wp\/v2\/posts\/38467\/revisions\/38475"}],"wp:featuredmedia":[{"embeddable":true,"href":"https:\/\/www.solidarburkina.bf\/en\/wp-json\/wp\/v2\/media\/38469"}],"wp:attachment":[{"href":"https:\/\/www.solidarburkina.bf\/en\/wp-json\/wp\/v2\/media?parent=38467"}],"wp:term":[{"taxonomy":"category","embeddable":true,"href":"https:\/\/www.solidarburkina.bf\/en\/wp-json\/wp\/v2\/categories?post=38467"},{"taxonomy":"domaine","embeddable":true,"href":"https:\/\/www.solidarburkina.bf\/en\/wp-json\/wp\/v2\/domaine?post=38467"},{"taxonomy":"approche","embeddable":true,"href":"https:\/\/www.solidarburkina.bf\/en\/wp-json\/wp\/v2\/approche?post=38467"}],"curies":[{"name":"wp","href":"https:\/\/api.w.org\/{rel}","templated":true}]}}