{"id":38492,"date":"2022-12-07T15:00:00","date_gmt":"2022-12-07T15:00:00","guid":{"rendered":"https:\/\/www.solidarburkina.bf\/training-and-socio-professional-integration-of-vulnerable-young-people\/"},"modified":"2026-01-21T10:10:58","modified_gmt":"2026-01-21T10:10:58","slug":"training-and-socio-professional-integration-of-vulnerable-young-people","status":"publish","type":"post","link":"https:\/\/www.solidarburkina.bf\/en\/training-and-socio-professional-integration-of-vulnerable-young-people\/","title":{"rendered":"Training and socio-professional integration of vulnerable young people"},"content":{"rendered":"\t\t<div data-elementor-type=\"wp-post\" data-elementor-id=\"38492\" class=\"elementor elementor-38492 elementor-7357\" data-elementor-post-type=\"post\">\n\t\t\t\t\t\t<section class=\"elementor-section elementor-top-section elementor-element elementor-element-1e96c9b8 elementor-section-boxed elementor-section-height-default elementor-section-height-default\" data-id=\"1e96c9b8\" data-element_type=\"section\" data-e-type=\"section\">\n\t\t\t\t\t\t<div class=\"elementor-container elementor-column-gap-default\">\n\t\t\t\t\t<div class=\"elementor-column elementor-col-100 elementor-top-column elementor-element elementor-element-77638e71\" data-id=\"77638e71\" data-element_type=\"column\" data-e-type=\"column\">\n\t\t\t<div class=\"elementor-widget-wrap elementor-element-populated\">\n\t\t\t\t\t\t<div class=\"elementor-element elementor-element-2d1f70b elementor-widget elementor-widget-text-editor\" data-id=\"2d1f70b\" data-element_type=\"widget\" data-e-type=\"widget\" data-widget_type=\"text-editor.default\">\n\t\t\t\t\t\t\t\t\t\n<p><strong>20 young people from the province of Kourw\u00e9ogo receive installation kits<\/strong><\/p>\n\n<figure class=\"wp-block-image size-large\"><img fetchpriority=\"high\" decoding=\"async\" width=\"1024\" height=\"683\" class=\"wp-image-7360\" src=\"https:\/\/www.solidarburkina.bf\/wp-content\/uploads\/Vue_Materiel_Coiffure-1024x683.jpg\" alt=\"\" srcset=\"https:\/\/www.solidarburkina.bf\/wp-content\/uploads\/Vue_Materiel_Coiffure-1024x683.jpg 1024w, https:\/\/www.solidarburkina.bf\/wp-content\/uploads\/Vue_Materiel_Coiffure-300x200.jpg 300w, https:\/\/www.solidarburkina.bf\/wp-content\/uploads\/Vue_Materiel_Coiffure-150x100.jpg 150w, https:\/\/www.solidarburkina.bf\/wp-content\/uploads\/Vue_Materiel_Coiffure-768x512.jpg 768w, https:\/\/www.solidarburkina.bf\/wp-content\/uploads\/Vue_Materiel_Coiffure-1536x1024.jpg 1536w, https:\/\/www.solidarburkina.bf\/wp-content\/uploads\/Vue_Materiel_Coiffure-240x160.jpg 240w, https:\/\/www.solidarburkina.bf\/wp-content\/uploads\/Vue_Materiel_Coiffure-160x107.jpg 160w, https:\/\/www.solidarburkina.bf\/wp-content\/uploads\/Vue_Materiel_Coiffure-120x80.jpg 120w, https:\/\/www.solidarburkina.bf\/wp-content\/uploads\/Vue_Materiel_Coiffure-80x53.jpg 80w, https:\/\/www.solidarburkina.bf\/wp-content\/uploads\/Vue_Materiel_Coiffure-1320x880.jpg 1320w, https:\/\/www.solidarburkina.bf\/wp-content\/uploads\/Vue_Materiel_Coiffure.jpg 2048w\" sizes=\"(max-width: 1024px) 100vw, 1024px\" \/><\/figure>\n\n<p>On December 07, 2022, a ceremony was held in the town of Bouss\u00e9 to hand over installation kits to 20 young beneficiaries of the &#8220;Promotion de l&#8217;acc\u00e8s des jeunes \u00e0 la formation professionnelle et \u00e0 des revenus d\u00e9cents (PRAJERED FP)&#8221; project. The ceremony comes at the end of a year&#8217;s short-term training in men&#8217;s hairdressing, washing and vulcanizing. <\/p>\n\n<p>In addition, to encourage the creation of viable, sustainable businesses, learners have also benefited from further training in entrepreneurship, financial education, personal development and life skills.<\/p>\n\n<p>The PRAJERED FP project is being implemented in the Plateau Central region, in the provinces of Kourw\u00e9ogo, Ganzourgou and Oubritenga. In the province of Kourw\u00e9ogo, the project is implemented by the Association Tind Yalgre de Bouss\u00e9-ATY (ATY).   <\/p>\n\n<figure class=\"wp-block-image size-large\"><img decoding=\"async\" width=\"1024\" height=\"429\" class=\"wp-image-7361\" src=\"https:\/\/www.solidarburkina.bf\/wp-content\/uploads\/Vue_Beneficiaires-1024x429.jpg\" alt=\"\" srcset=\"https:\/\/www.solidarburkina.bf\/wp-content\/uploads\/Vue_Beneficiaires-1024x429.jpg 1024w, https:\/\/www.solidarburkina.bf\/wp-content\/uploads\/Vue_Beneficiaires-300x126.jpg 300w, https:\/\/www.solidarburkina.bf\/wp-content\/uploads\/Vue_Beneficiaires-150x63.jpg 150w, https:\/\/www.solidarburkina.bf\/wp-content\/uploads\/Vue_Beneficiaires-768x321.jpg 768w, https:\/\/www.solidarburkina.bf\/wp-content\/uploads\/Vue_Beneficiaires-1536x643.jpg 1536w, https:\/\/www.solidarburkina.bf\/wp-content\/uploads\/Vue_Beneficiaires-344x144.jpg 344w, https:\/\/www.solidarburkina.bf\/wp-content\/uploads\/Vue_Beneficiaires-160x67.jpg 160w, https:\/\/www.solidarburkina.bf\/wp-content\/uploads\/Vue_Beneficiaires-172x72.jpg 172w, https:\/\/www.solidarburkina.bf\/wp-content\/uploads\/Vue_Beneficiaires-80x33.jpg 80w, https:\/\/www.solidarburkina.bf\/wp-content\/uploads\/Vue_Beneficiaires-1320x552.jpg 1320w, https:\/\/www.solidarburkina.bf\/wp-content\/uploads\/Vue_Beneficiaires.jpg 2048w\" sizes=\"(max-width: 1024px) 100vw, 1024px\" \/>\n<figcaption class=\"wp-element-caption\"><em>The 20 learners at the end of their training in the vulcanizing and men&#8217;s hairdressing trades<\/em><\/figcaption>\n<\/figure>\n\n<p>Financed by Solidar Suisse Burkina to the tune of 541,734,780 FCFA, this project aims to facilitate the socio-professional integration of vulnerable young people through access to quality vocational training and the development of their entrepreneurial initiatives, for the period 2021-2024. Specifically, it involves: <\/p>\n\n<ul>\n<li>enable 159 young people excluded from the education system to complete their schooling in literacy centers intensive training of 9-15 year olds for development ;<\/li>\n<\/ul>\n\n<ul>\n<li>improve the employability of 77 young people through access to vocational training;<\/li>\n<\/ul>\n\n<ul>\n<li>promote better access to decent incomes for young people.<\/li>\n<\/ul>\n\n<p>For 2022, the amount allocated to vocational training in the province of Kourw\u00e9ogo is estimated at 18,998,038 FCFA: of which 7,566,788 FCFA for training and 11,431250 FCFA for installation kits.<\/p>\n\n<p>The official handover ceremony was presided over by the High Commissioner of Kourw\u00e9ogo province, represented by Mrs Awa OUEDRAOGO, Secretary General of the province. She took the opportunity to thank Solidar Suisse and the ATY Association for their partnership, which is helping to combat youth unemployment in the province. <\/p>\n\n<p>Mr. Oumarou SAWADOGO, Vocational Training Project Manager at Solidar Suisse Burkina, invited the beneficiaries to make good use of the equipment they had received to help them grow and contribute to the socio-economic development of the province and the country as a whole.<\/p>\n\n<figure class=\"wp-block-image size-large\"><img decoding=\"async\" width=\"1024\" height=\"456\" class=\"wp-image-7362\" src=\"https:\/\/www.solidarburkina.bf\/wp-content\/uploads\/Vue_Officiels-1024x456.jpg\" alt=\"\" srcset=\"https:\/\/www.solidarburkina.bf\/wp-content\/uploads\/Vue_Officiels-1024x456.jpg 1024w, https:\/\/www.solidarburkina.bf\/wp-content\/uploads\/Vue_Officiels-300x134.jpg 300w, https:\/\/www.solidarburkina.bf\/wp-content\/uploads\/Vue_Officiels-150x67.jpg 150w, https:\/\/www.solidarburkina.bf\/wp-content\/uploads\/Vue_Officiels-768x342.jpg 768w, https:\/\/www.solidarburkina.bf\/wp-content\/uploads\/Vue_Officiels-1536x684.jpg 1536w, https:\/\/www.solidarburkina.bf\/wp-content\/uploads\/Vue_Officiels-344x153.jpg 344w, https:\/\/www.solidarburkina.bf\/wp-content\/uploads\/Vue_Officiels-160x71.jpg 160w, https:\/\/www.solidarburkina.bf\/wp-content\/uploads\/Vue_Officiels-172x77.jpg 172w, https:\/\/www.solidarburkina.bf\/wp-content\/uploads\/Vue_Officiels-80x36.jpg 80w, https:\/\/www.solidarburkina.bf\/wp-content\/uploads\/Vue_Officiels-1320x588.jpg 1320w, https:\/\/www.solidarburkina.bf\/wp-content\/uploads\/Vue_Officiels.jpg 2048w\" sizes=\"(max-width: 1024px) 100vw, 1024px\" \/>\n<figcaption class=\"wp-element-caption\"><em>Officials at the ceremony  <\/em><\/figcaption>\n<\/figure>\n\t\t\t\t\t\t\t\t<\/div>\n\t\t\t\t\t<\/div>\n\t\t<\/div>\n\t\t\t\t\t<\/div>\n\t\t<\/section>\n\t\t\t\t<\/div>\n\t\t","protected":false},"excerpt":{"rendered":"<p>20 young people from the province of Kourw\u00e9ogo receive installation kits On December 07, 2022, a ceremony was held in the town of Bouss\u00e9 to hand over installation kits to 20 young beneficiaries of the &#8220;Promotion de l&#8217;acc\u00e8s des jeunes \u00e0 la formation professionnelle et \u00e0 des revenus d\u00e9cents (PRAJERED FP)&#8221; project. The ceremony comes [&hellip;]<\/p>\n","protected":false},"author":4,"featured_media":38493,"comment_status":"closed","ping_status":"closed","sticky":false,"template":"","format":"standard","meta":{"_seopress_robots_primary_cat":"","_seopress_titles_title":"","_seopress_titles_desc":"","_seopress_robots_index":"","footnotes":""},"categories":[77,286,1],"domaine":[309,308],"approche":[],"class_list":{"0":"post-38492","1":"post","2":"type-post","3":"status-publish","4":"format-standard","5":"has-post-thumbnail","7":"category-actualites","8":"category-news","9":"category-non-categorise","10":"domaine-decent-work","11":"domaine-training-and-professional-integration-of-young-people"},"_links":{"self":[{"href":"https:\/\/www.solidarburkina.bf\/en\/wp-json\/wp\/v2\/posts\/38492","targetHints":{"allow":["GET"]}}],"collection":[{"href":"https:\/\/www.solidarburkina.bf\/en\/wp-json\/wp\/v2\/posts"}],"about":[{"href":"https:\/\/www.solidarburkina.bf\/en\/wp-json\/wp\/v2\/types\/post"}],"author":[{"embeddable":true,"href":"https:\/\/www.solidarburkina.bf\/en\/wp-json\/wp\/v2\/users\/4"}],"replies":[{"embeddable":true,"href":"https:\/\/www.solidarburkina.bf\/en\/wp-json\/wp\/v2\/comments?post=38492"}],"version-history":[{"count":5,"href":"https:\/\/www.solidarburkina.bf\/en\/wp-json\/wp\/v2\/posts\/38492\/revisions"}],"predecessor-version":[{"id":39851,"href":"https:\/\/www.solidarburkina.bf\/en\/wp-json\/wp\/v2\/posts\/38492\/revisions\/39851"}],"wp:featuredmedia":[{"embeddable":true,"href":"https:\/\/www.solidarburkina.bf\/en\/wp-json\/wp\/v2\/media\/38493"}],"wp:attachment":[{"href":"https:\/\/www.solidarburkina.bf\/en\/wp-json\/wp\/v2\/media?parent=38492"}],"wp:term":[{"taxonomy":"category","embeddable":true,"href":"https:\/\/www.solidarburkina.bf\/en\/wp-json\/wp\/v2\/categories?post=38492"},{"taxonomy":"domaine","embeddable":true,"href":"https:\/\/www.solidarburkina.bf\/en\/wp-json\/wp\/v2\/domaine?post=38492"},{"taxonomy":"approche","embeddable":true,"href":"https:\/\/www.solidarburkina.bf\/en\/wp-json\/wp\/v2\/approche?post=38492"}],"curies":[{"name":"wp","href":"https:\/\/api.w.org\/{rel}","templated":true}]}}