{"id":38603,"date":"2022-06-30T14:17:00","date_gmt":"2022-06-30T14:17:00","guid":{"rendered":"https:\/\/www.solidarburkina.bf\/social-cohesion-the-resicom-project-organizes-a-community-day-in-dedougou\/"},"modified":"2026-01-21T10:10:46","modified_gmt":"2026-01-21T10:10:46","slug":"social-cohesion-the-resicom-project-organizes-a-community-day-in-dedougou","status":"publish","type":"post","link":"https:\/\/www.solidarburkina.bf\/en\/social-cohesion-the-resicom-project-organizes-a-community-day-in-dedougou\/","title":{"rendered":"Social cohesion: the RESICOM project organizes a community day in D\u00e9dougou"},"content":{"rendered":"\n<p>&#8220;Contribute to the creation of positive interactions between different social groups and to the consolidation of peaceful coexistence and social cohesion in the Boucle du Mouhoun region&#8221;. This is the main objective of the Communities Day held on March 26, 2022 at the Place des Martyrs in the town of D\u00e9dougou. <\/p>\n\n<p>Chaired by the region&#8217;s governor, <strong>Mr Baho Pierre BASSINGA<\/strong>, the day provided a forum for meetings and sharing between some fifteen host and internally displaced communities from Burkina Faso and four (04) others from the West African sub-region. On this occasion, a charter on social cohesion signed by these communities was presented to the governor. <\/p>\n\n<ul class=\"wp-block-list\">\n<li>Discover the highlights of the day in this video<\/li>\n<\/ul>\n\n<figure class=\"wp-block-embed is-type-video is-provider-youtube wp-block-embed-youtube wp-embed-aspect-16-9 wp-has-aspect-ratio\"><div class=\"wp-block-embed__wrapper\">\n<iframe title=\"Coh\u00e9sion sociale : le projet RESICOM organise une journ\u00e9e des communaut\u00e9s \u00e0 D\u00e9dougou\" width=\"800\" height=\"450\" src=\"https:\/\/www.youtube.com\/embed\/UypYTQNtHnI?feature=oembed\" frameborder=\"0\" allow=\"accelerometer; autoplay; clipboard-write; encrypted-media; gyroscope; picture-in-picture; web-share\" referrerpolicy=\"strict-origin-when-cross-origin\" allowfullscreen><\/iframe>\n<\/div><\/figure>\n","protected":false},"excerpt":{"rendered":"<p>&#8220;Contribute to the creation of positive interactions between different social groups and to the consolidation of peaceful coexistence and social cohesion in the Boucle du Mouhoun region&#8221;. This is the main objective of the Communities Day held on March 26, 2022 at the Place des Martyrs in the town of D\u00e9dougou. Chaired by the region&#8217;s [&hellip;]<\/p>\n","protected":false},"author":4,"featured_media":38605,"comment_status":"closed","ping_status":"closed","sticky":false,"template":"","format":"video","meta":{"_seopress_robots_primary_cat":"","_seopress_titles_title":"","_seopress_titles_desc":"","_seopress_robots_index":"","footnotes":""},"categories":[1,292,210],"domaine":[306,289],"approche":[],"class_list":{"0":"post-38603","1":"post","2":"type-post","3":"status-publish","4":"format-video","5":"has-post-thumbnail","7":"category-non-categorise","8":"category-resources","9":"category-ressources","10":"post_format-post-format-video","11":"domaine-interculturality-and-non-violent-communication","12":"domaine-peace-and-social-cohesion"},"_links":{"self":[{"href":"https:\/\/www.solidarburkina.bf\/en\/wp-json\/wp\/v2\/posts\/38603","targetHints":{"allow":["GET"]}}],"collection":[{"href":"https:\/\/www.solidarburkina.bf\/en\/wp-json\/wp\/v2\/posts"}],"about":[{"href":"https:\/\/www.solidarburkina.bf\/en\/wp-json\/wp\/v2\/types\/post"}],"author":[{"embeddable":true,"href":"https:\/\/www.solidarburkina.bf\/en\/wp-json\/wp\/v2\/users\/4"}],"replies":[{"embeddable":true,"href":"https:\/\/www.solidarburkina.bf\/en\/wp-json\/wp\/v2\/comments?post=38603"}],"version-history":[{"count":1,"href":"https:\/\/www.solidarburkina.bf\/en\/wp-json\/wp\/v2\/posts\/38603\/revisions"}],"predecessor-version":[{"id":38608,"href":"https:\/\/www.solidarburkina.bf\/en\/wp-json\/wp\/v2\/posts\/38603\/revisions\/38608"}],"wp:featuredmedia":[{"embeddable":true,"href":"https:\/\/www.solidarburkina.bf\/en\/wp-json\/wp\/v2\/media\/38605"}],"wp:attachment":[{"href":"https:\/\/www.solidarburkina.bf\/en\/wp-json\/wp\/v2\/media?parent=38603"}],"wp:term":[{"taxonomy":"category","embeddable":true,"href":"https:\/\/www.solidarburkina.bf\/en\/wp-json\/wp\/v2\/categories?post=38603"},{"taxonomy":"domaine","embeddable":true,"href":"https:\/\/www.solidarburkina.bf\/en\/wp-json\/wp\/v2\/domaine?post=38603"},{"taxonomy":"approche","embeddable":true,"href":"https:\/\/www.solidarburkina.bf\/en\/wp-json\/wp\/v2\/approche?post=38603"}],"curies":[{"name":"wp","href":"https:\/\/api.w.org\/{rel}","templated":true}]}}