{"id":38644,"date":"2023-02-10T17:02:02","date_gmt":"2023-02-10T17:02:02","guid":{"rendered":"https:\/\/www.solidarburkina.bf\/integrating-social-and-financial-education-into-teaching-a-topic-of-debate-on-bf1-tv\/"},"modified":"2026-01-21T10:11:00","modified_gmt":"2026-01-21T10:11:00","slug":"integrating-social-and-financial-education-into-teaching-a-topic-of-debate-on-bf1-tv","status":"publish","type":"post","link":"https:\/\/www.solidarburkina.bf\/en\/integrating-social-and-financial-education-into-teaching-a-topic-of-debate-on-bf1-tv\/","title":{"rendered":"Integrating social and financial education into teaching: a topic of debate on BF1 TV"},"content":{"rendered":"\n<p>On the occasion of the celebration of International Women&#8217;s Day, March 08, 2022, a team from the Promotion de l&#8217;acc\u00e8s des filles \u00e0 un Syst\u00e8me Educatif et de Formation Professionnelle de qualit\u00e9 (PROMESSE FP) project took part in a program on BF1 television. Discussions centered on the integration of social and financial education into teaching curricula in Burkina Faso.   <\/p>\n\n<p><strong><em>Back here<\/em><\/strong><\/p>\n\n<figure class=\"wp-block-embed is-type-video is-provider-youtube wp-block-embed-youtube wp-embed-aspect-16-9 wp-has-aspect-ratio\"><div class=\"wp-block-embed__wrapper\">\n<iframe title=\"Int\u00e9gration de l&#039;\u00e9ducation sociale financi\u00e8re dans l&#039;enseignement: un sujet de d\u00e9bat sur la t\u00e9l\u00e9 BF1\" width=\"800\" height=\"450\" src=\"https:\/\/www.youtube.com\/embed\/n0USYnBLjjo?feature=oembed\" frameborder=\"0\" allow=\"accelerometer; autoplay; clipboard-write; encrypted-media; gyroscope; picture-in-picture; web-share\" referrerpolicy=\"strict-origin-when-cross-origin\" allowfullscreen><\/iframe>\n<\/div><\/figure>\n","protected":false},"excerpt":{"rendered":"<p>On the occasion of the celebration of International Women&#8217;s Day, March 08, 2022, a team from the Promotion de l&#8217;acc\u00e8s des filles \u00e0 un Syst\u00e8me Educatif et de Formation Professionnelle de qualit\u00e9 (PROMESSE FP) project took part in a program on BF1 television. Discussions centered on the integration of social and financial education into teaching [&hellip;]<\/p>\n","protected":false},"author":4,"featured_media":0,"comment_status":"closed","ping_status":"closed","sticky":false,"template":"","format":"video","meta":{"_seopress_robots_primary_cat":"","_seopress_titles_title":"","_seopress_titles_desc":"","_seopress_robots_index":"","footnotes":""},"categories":[1,292,210],"domaine":[309,308,322,307],"approche":[311],"class_list":{"0":"post-38644","1":"post","2":"type-post","3":"status-publish","4":"format-video","6":"category-non-categorise","7":"category-resources","8":"category-ressources","9":"post_format-post-format-video","10":"domaine-decent-work","11":"domaine-training-and-professional-integration-of-young-people","12":"domaine-type","13":"domaine-womens-economic-empowerment","14":"approche-aflatoun-approach"},"_links":{"self":[{"href":"https:\/\/www.solidarburkina.bf\/en\/wp-json\/wp\/v2\/posts\/38644","targetHints":{"allow":["GET"]}}],"collection":[{"href":"https:\/\/www.solidarburkina.bf\/en\/wp-json\/wp\/v2\/posts"}],"about":[{"href":"https:\/\/www.solidarburkina.bf\/en\/wp-json\/wp\/v2\/types\/post"}],"author":[{"embeddable":true,"href":"https:\/\/www.solidarburkina.bf\/en\/wp-json\/wp\/v2\/users\/4"}],"replies":[{"embeddable":true,"href":"https:\/\/www.solidarburkina.bf\/en\/wp-json\/wp\/v2\/comments?post=38644"}],"version-history":[{"count":1,"href":"https:\/\/www.solidarburkina.bf\/en\/wp-json\/wp\/v2\/posts\/38644\/revisions"}],"predecessor-version":[{"id":38646,"href":"https:\/\/www.solidarburkina.bf\/en\/wp-json\/wp\/v2\/posts\/38644\/revisions\/38646"}],"wp:attachment":[{"href":"https:\/\/www.solidarburkina.bf\/en\/wp-json\/wp\/v2\/media?parent=38644"}],"wp:term":[{"taxonomy":"category","embeddable":true,"href":"https:\/\/www.solidarburkina.bf\/en\/wp-json\/wp\/v2\/categories?post=38644"},{"taxonomy":"domaine","embeddable":true,"href":"https:\/\/www.solidarburkina.bf\/en\/wp-json\/wp\/v2\/domaine?post=38644"},{"taxonomy":"approche","embeddable":true,"href":"https:\/\/www.solidarburkina.bf\/en\/wp-json\/wp\/v2\/approche?post=38644"}],"curies":[{"name":"wp","href":"https:\/\/api.w.org\/{rel}","templated":true}]}}