{"id":38673,"date":"2021-05-27T19:11:36","date_gmt":"2021-05-27T19:11:36","guid":{"rendered":"https:\/\/www.solidarburkina.bf\/joint-organization-of-the-4th-edition-of-the-regional-community-days-and-the-2nd-symposium-on-civil-military-dialogue\/"},"modified":"2026-01-21T10:10:32","modified_gmt":"2026-01-21T10:10:32","slug":"joint-organization-of-the-4th-edition-of-the-regional-community-days-and-the-2nd-symposium-on-civil-military-dialogue","status":"publish","type":"post","link":"https:\/\/www.solidarburkina.bf\/en\/joint-organization-of-the-4th-edition-of-the-regional-community-days-and-the-2nd-symposium-on-civil-military-dialogue\/","title":{"rendered":"Joint organization of the 4th edition of the Regional Community Days and the 2nd Symposium on Civil-Military Dialogue"},"content":{"rendered":"<p><span style=\"font-family: arial, helvetica, sans-serif;\"><strong>Joint organization of the<sup>4th<\/sup> edition of the Regional Community Days and the<sup>2nd<\/sup> Symposium on Civil-Military Dialogue<\/strong><\/span><\/p>\n<p style=\"text-align: justify;\">As part of the implementation of the project <em>Inclusive Dialogue for a &#8220;better life together&#8221; for peace and security in the Sahel Region<\/em>, the Consortium Solidar Suisse &amp; the Union Fraternelle des Croyants de Dori organized at the Centre pour la Paix <em>Dudal Djam in Dori<\/em>, from May 16 to 22, 2021, the<sup>4th<\/sup> edition of the regional day of communities and the<sup>2nd<\/sup> symposium on civil-military dialogue under the theme: &#8221; <em>Strengthening mutual trust to consolidate living together in the Sahel region&#8221;.<\/em><\/p>\n<p style=\"text-align: justify;\">Under the patronage of the Minister of State for National Reconciliation and Social Cohesion, represented by his Charg\u00e9 de mission Mr Dieudonn\u00e9 BADINI, and chaired by the Governor of the Sahel region, Colonel Major Salfo KABORE, these days were punctuated by the following activities:<\/p>\n<p style=\"text-align: justify; margin-top: -15px;\">&#8211; Recording and broadcasting of messages of peace and social cohesion delivered by the Governor of the Sahel region<\/p>\n<p style=\"text-align: justify; margin-top: -15px;\">&#8211; Broadcast on RTB, BFI 1 and 3TV of a film capitalizing on the project&#8217;s experiences.<\/p>\n<p style=\"text-align: justify; margin-top: -15px;\">&#8211; P\u00e9tanque pour la Paix et la S\u00e9curit\u00e9 (PPS) competition, featuring 27 mixed teams of defense and security forces (FDS) and civilians.<\/p>\n<p style=\"text-align: justify; margin-top: -15px;\">&#8211; Big tea-debate moderated by the Governor of the region with the participation of administrative and political authorities of the region, notabilities&nbsp;&nbsp;and religious leaders (Monseigneur Laurent DABIRE, Bishop of the Diocese of Dori, the representative of the Grand Imam of Dori, the Emir of Yagha), representatives of the various FDS corps, representatives of associations and NGOs, representatives of various socio-cultural and religious groups, women, young civilians and soldiers, internally displaced persons. These activities also saw the participation of eminent personalities, invited because they had already spent time in the Sahel or in Dori. These included General Kouam\u00e9 LOUGUE, Madame Claudine LOUGUE, retired Colonel Karim NACRO, Colonel R\u00e9mi Joseph COUBOURA, Director of the Centre Culturel des Arm\u00e9es, in charge of civil-military dialogue, and Mr KI Soun Christophe, affectionately known as Vieux KIRAVI. These personalities gave edifying testimonies on social cohesion, hospitality, religious tolerance and the army at the service of the population, which have always characterized the Sahel region, before inviting the sons and daughters of the region and the population as a whole to join hands to stitch together the social fabric affected by the various tensions running through the region.   <\/p>\n<p style=\"text-align: justify; margin-top: -15px;\">&#8211; Cultural fair (parade of 21 communities living in the Sahel, exhibition of traditional dishes, game of kinship\/joking alliances between communities, fraternal meal).<\/p>\n<p style=\"text-align: justify;\">As a reminder, the <em>Inclusive Dialogue for a &#8220;better life together&#8221; for peace and security in the Sahel Region <\/em>project is being implemented with financial support from the European Union.<\/p>\n<figure id=\"attachment_3052\" aria-describedby=\"caption-attachment-3052\" style=\"width: 600px\" class=\"wp-caption alignnone\"><img fetchpriority=\"high\" decoding=\"async\" class=\"wp-image-3052 size-large\" src=\"https:\/\/www.solidarburkina.bf\/wp-content\/uploads\/2021\/05\/IMG-20210527-WA0037-1024x683.jpg\" alt=\"\" width=\"600\" height=\"400\" srcset=\"https:\/\/www.solidarburkina.bf\/wp-content\/uploads\/IMG-20210527-WA0037-1024x683.jpg 1024w, https:\/\/www.solidarburkina.bf\/wp-content\/uploads\/IMG-20210527-WA0037-300x200.jpg 300w, https:\/\/www.solidarburkina.bf\/wp-content\/uploads\/IMG-20210527-WA0037-150x100.jpg 150w, https:\/\/www.solidarburkina.bf\/wp-content\/uploads\/IMG-20210527-WA0037-768x512.jpg 768w, https:\/\/www.solidarburkina.bf\/wp-content\/uploads\/IMG-20210527-WA0037-240x160.jpg 240w, https:\/\/www.solidarburkina.bf\/wp-content\/uploads\/IMG-20210527-WA0037-160x107.jpg 160w, https:\/\/www.solidarburkina.bf\/wp-content\/uploads\/IMG-20210527-WA0037-120x80.jpg 120w, https:\/\/www.solidarburkina.bf\/wp-content\/uploads\/IMG-20210527-WA0037-80x53.jpg 80w, https:\/\/www.solidarburkina.bf\/wp-content\/uploads\/IMG-20210527-WA0037.jpg 1080w\" sizes=\"(max-width: 600px) 100vw, 600px\" \/><figcaption id=\"caption-attachment-3052\" class=\"wp-caption-text\">The Charg\u00e9 de mission of the Minister of State in charge of National Reconciliation and Social Cohesion, in his speech<\/figcaption><\/figure>\n<figure id=\"attachment_3053\" aria-describedby=\"caption-attachment-3053\" style=\"width: 603px\" class=\"wp-caption alignnone\"><img decoding=\"async\" class=\"wp-image-3053 size-full\" src=\"https:\/\/www.solidarburkina.bf\/wp-content\/uploads\/general-lougue.png\" alt=\"\" width=\"603\" height=\"405\" srcset=\"https:\/\/www.solidarburkina.bf\/wp-content\/uploads\/general-lougue.png 603w, https:\/\/www.solidarburkina.bf\/wp-content\/uploads\/general-lougue-300x201.png 300w, https:\/\/www.solidarburkina.bf\/wp-content\/uploads\/general-lougue-150x101.png 150w, https:\/\/www.solidarburkina.bf\/wp-content\/uploads\/general-lougue-238x160.png 238w, https:\/\/www.solidarburkina.bf\/wp-content\/uploads\/general-lougue-160x107.png 160w, https:\/\/www.solidarburkina.bf\/wp-content\/uploads\/general-lougue-119x80.png 119w, https:\/\/www.solidarburkina.bf\/wp-content\/uploads\/general-lougue-80x54.png 80w\" sizes=\"(max-width: 603px) 100vw, 603px\" \/><figcaption id=\"caption-attachment-3053\" class=\"wp-caption-text\">General Kouam\u00e9 LOUGUE, speaker at the tea-debate.<\/figcaption><\/figure>\n<p>&nbsp;<\/p>\n<p>&nbsp;<\/p>\n<p>&nbsp;<\/p>\n<p>&nbsp;<\/p>\n<p>&nbsp;<\/p>\n<p>&nbsp;<\/p>\n<p>&nbsp;<\/p>\n<p>&nbsp;<\/p>\n<p>&nbsp;<\/p>\n","protected":false},"excerpt":{"rendered":"<p>Joint organization of the4th edition of the Regional Community Days and the2nd Symposium on Civil-Military Dialogue As part of the implementation of the project Inclusive Dialogue for a &#8220;better life together&#8221; for peace and security in the Sahel Region, the Consortium Solidar Suisse &amp; the Union Fraternelle des Croyants de Dori organized at the Centre [&hellip;]<\/p>\n","protected":false},"author":4,"featured_media":38676,"comment_status":"closed","ping_status":"closed","sticky":false,"template":"","format":"image","meta":{"_seopress_robots_primary_cat":"","_seopress_titles_title":"","_seopress_titles_desc":"","_seopress_robots_index":"","footnotes":""},"categories":[286],"domaine":[306,289],"approche":[287],"class_list":{"0":"post-38673","1":"post","2":"type-post","3":"status-publish","4":"format-image","5":"has-post-thumbnail","7":"category-news","8":"post_format-post-format-image","9":"domaine-interculturality-and-non-violent-communication","10":"domaine-peace-and-social-cohesion","11":"approche-clp"},"_links":{"self":[{"href":"https:\/\/www.solidarburkina.bf\/en\/wp-json\/wp\/v2\/posts\/38673","targetHints":{"allow":["GET"]}}],"collection":[{"href":"https:\/\/www.solidarburkina.bf\/en\/wp-json\/wp\/v2\/posts"}],"about":[{"href":"https:\/\/www.solidarburkina.bf\/en\/wp-json\/wp\/v2\/types\/post"}],"author":[{"embeddable":true,"href":"https:\/\/www.solidarburkina.bf\/en\/wp-json\/wp\/v2\/users\/4"}],"replies":[{"embeddable":true,"href":"https:\/\/www.solidarburkina.bf\/en\/wp-json\/wp\/v2\/comments?post=38673"}],"version-history":[{"count":1,"href":"https:\/\/www.solidarburkina.bf\/en\/wp-json\/wp\/v2\/posts\/38673\/revisions"}],"predecessor-version":[{"id":39862,"href":"https:\/\/www.solidarburkina.bf\/en\/wp-json\/wp\/v2\/posts\/38673\/revisions\/39862"}],"wp:featuredmedia":[{"embeddable":true,"href":"https:\/\/www.solidarburkina.bf\/en\/wp-json\/wp\/v2\/media\/38676"}],"wp:attachment":[{"href":"https:\/\/www.solidarburkina.bf\/en\/wp-json\/wp\/v2\/media?parent=38673"}],"wp:term":[{"taxonomy":"category","embeddable":true,"href":"https:\/\/www.solidarburkina.bf\/en\/wp-json\/wp\/v2\/categories?post=38673"},{"taxonomy":"domaine","embeddable":true,"href":"https:\/\/www.solidarburkina.bf\/en\/wp-json\/wp\/v2\/domaine?post=38673"},{"taxonomy":"approche","embeddable":true,"href":"https:\/\/www.solidarburkina.bf\/en\/wp-json\/wp\/v2\/approche?post=38673"}],"curies":[{"name":"wp","href":"https:\/\/api.w.org\/{rel}","templated":true}]}}