{"id":38711,"date":"2022-05-19T09:16:00","date_gmt":"2022-05-19T09:16:00","guid":{"rendered":"https:\/\/www.solidarburkina.bf\/proremo-pv-prajered-fp-projects-commune-of-bousse-a-team-from-headquarters-visits-the-achievements\/"},"modified":"2026-01-21T10:10:40","modified_gmt":"2026-01-21T10:10:40","slug":"proremo-pv-prajered-fp-projects-commune-of-bousse-a-team-from-headquarters-visits-the-achievements","status":"publish","type":"post","link":"https:\/\/www.solidarburkina.bf\/en\/proremo-pv-prajered-fp-projects-commune-of-bousse-a-team-from-headquarters-visits-the-achievements\/","title":{"rendered":"PROREMO PV \/ PRAJERED FP projects, commune of Bouss\u00e9: a team from headquarters visits the achievements"},"content":{"rendered":"\n<p><\/p>\n\n<figure class=\"wp-block-image size-large\"><img decoding=\"async\" src=\"https:\/\/www.solidarburkina.bf\/wp-content\/uploads\/IMG_Famille-1024x527.jpg\" alt=\"\" class=\"wp-image-3533\"\/><figcaption class=\"wp-element-caption\"><em>Family photo of members of the ATY Association and the Solidar Suisse team visiting the PROREMO PV and PRAJERED FP projects.<\/em><\/figcaption><\/figure>\n\n<p>Visiting Burkina Faso, a team from Solidar Suisse Zurich carried out a field mission in Bouss\u00e9 on May 18, 2022.<\/p>\n\n<p>Objective: to observe the progress of project activities implemented by local partner Association Tind Yalgr\u00e9 (ATY):<\/p>\n\n<p>&#8211; Strengthening the livelihoods of vulnerable_populations (PROREMO PV) ;<\/p>\n\n<p>&#8211; Promotion de l&#8217;acc\u00e8s des jeunes \u00e0 la formation professionnelle et \u00e0 des revenus d\u00e9cents (PRAJERED FP) Discover the highlights of the visit in a video below:  <\/p>\n\n<figure class=\"wp-block-embed is-type-video is-provider-youtube wp-block-embed-youtube wp-embed-aspect-16-9 wp-has-aspect-ratio\"><div class=\"wp-block-embed__wrapper\">\n<iframe title=\"Projets PROREMO PV \/ PRAJERED FP, commune de Bouss\u00e9 : une \u00e9quipe du si\u00e8ge visite les r\u00e9alisations\" width=\"800\" height=\"450\" src=\"https:\/\/www.youtube.com\/embed\/_O822vUmth4?feature=oembed\" frameborder=\"0\" allow=\"accelerometer; autoplay; clipboard-write; encrypted-media; gyroscope; picture-in-picture; web-share\" referrerpolicy=\"strict-origin-when-cross-origin\" allowfullscreen><\/iframe>\n<\/div><\/figure>\n","protected":false},"excerpt":{"rendered":"<p>Visiting Burkina Faso, a team from Solidar Suisse Zurich carried out a field mission in Bouss\u00e9 on May 18, 2022. Objective: to observe the progress of project activities implemented by local partner Association Tind Yalgr\u00e9 (ATY): &#8211; Strengthening the livelihoods of vulnerable_populations (PROREMO PV) ; &#8211; Promotion de l&#8217;acc\u00e8s des jeunes \u00e0 la formation professionnelle [&hellip;]<\/p>\n","protected":false},"author":4,"featured_media":38715,"comment_status":"closed","ping_status":"closed","sticky":false,"template":"","format":"video","meta":{"_seopress_robots_primary_cat":"none","_seopress_titles_title":"%%post_title%%","_seopress_titles_desc":"","_seopress_robots_index":"","footnotes":""},"categories":[93,290,1],"domaine":[309,293,308,307],"approche":[312],"class_list":{"0":"post-38711","1":"post","2":"type-post","3":"status-publish","4":"format-video","5":"has-post-thumbnail","7":"category-capitalisation","8":"category-capitalization","9":"category-non-categorise","10":"post_format-post-format-video","11":"domaine-decent-work","12":"domaine-food-safety","13":"domaine-training-and-professional-integration-of-young-people","14":"domaine-womens-economic-empowerment","15":"approche-afi-d"},"_links":{"self":[{"href":"https:\/\/www.solidarburkina.bf\/en\/wp-json\/wp\/v2\/posts\/38711","targetHints":{"allow":["GET"]}}],"collection":[{"href":"https:\/\/www.solidarburkina.bf\/en\/wp-json\/wp\/v2\/posts"}],"about":[{"href":"https:\/\/www.solidarburkina.bf\/en\/wp-json\/wp\/v2\/types\/post"}],"author":[{"embeddable":true,"href":"https:\/\/www.solidarburkina.bf\/en\/wp-json\/wp\/v2\/users\/4"}],"replies":[{"embeddable":true,"href":"https:\/\/www.solidarburkina.bf\/en\/wp-json\/wp\/v2\/comments?post=38711"}],"version-history":[{"count":1,"href":"https:\/\/www.solidarburkina.bf\/en\/wp-json\/wp\/v2\/posts\/38711\/revisions"}],"predecessor-version":[{"id":38716,"href":"https:\/\/www.solidarburkina.bf\/en\/wp-json\/wp\/v2\/posts\/38711\/revisions\/38716"}],"wp:featuredmedia":[{"embeddable":true,"href":"https:\/\/www.solidarburkina.bf\/en\/wp-json\/wp\/v2\/media\/38715"}],"wp:attachment":[{"href":"https:\/\/www.solidarburkina.bf\/en\/wp-json\/wp\/v2\/media?parent=38711"}],"wp:term":[{"taxonomy":"category","embeddable":true,"href":"https:\/\/www.solidarburkina.bf\/en\/wp-json\/wp\/v2\/categories?post=38711"},{"taxonomy":"domaine","embeddable":true,"href":"https:\/\/www.solidarburkina.bf\/en\/wp-json\/wp\/v2\/domaine?post=38711"},{"taxonomy":"approche","embeddable":true,"href":"https:\/\/www.solidarburkina.bf\/en\/wp-json\/wp\/v2\/approche?post=38711"}],"curies":[{"name":"wp","href":"https:\/\/api.w.org\/{rel}","templated":true}]}}