{"id":38780,"date":"2023-03-31T11:28:00","date_gmt":"2023-03-31T11:28:00","guid":{"rendered":"https:\/\/www.solidarburkina.bf\/vocational-training-for-girls-and-women-the-promesse-fp-project-holds-its-3rd-trades-forum-in-fada\/"},"modified":"2026-01-21T10:11:10","modified_gmt":"2026-01-21T10:11:10","slug":"vocational-training-for-girls-and-women-the-promesse-fp-project-holds-its-3rd-trades-forum-in-fada","status":"publish","type":"post","link":"https:\/\/www.solidarburkina.bf\/en\/vocational-training-for-girls-and-women-the-promesse-fp-project-holds-its-3rd-trades-forum-in-fada\/","title":{"rendered":"Vocational training for girls and women: the PROMESSE-FP project holds its 3rd trades forum in Fada"},"content":{"rendered":"\n<p>&#8220;Putting master craftsmen in touch with beneficiaries to help them discover job opportunities and choose apprenticeship trades. This is the aim of the innovative trades forum, held for the<sup>3rd time<\/sup> on March 30, 2023 in the town of Fada N&#8217;Gourma.   <\/p>\n\n<p><\/p>\n\n<figure class=\"wp-block-image size-large\"><img fetchpriority=\"high\" decoding=\"async\" width=\"1024\" height=\"449\" src=\"https:\/\/www.solidarburkina.bf\/wp-content\/uploads\/WhatsApp-Image-2023-03-30-a-10.45.46Art-IMG1-1024x449.jpg\" alt=\"\" class=\"wp-image-9327\" srcset=\"https:\/\/www.solidarburkina.bf\/wp-content\/uploads\/WhatsApp-Image-2023-03-30-a-10.45.46Art-IMG1-1024x449.jpg 1024w, https:\/\/www.solidarburkina.bf\/wp-content\/uploads\/WhatsApp-Image-2023-03-30-a-10.45.46Art-IMG1-300x132.jpg 300w, https:\/\/www.solidarburkina.bf\/wp-content\/uploads\/WhatsApp-Image-2023-03-30-a-10.45.46Art-IMG1-150x66.jpg 150w, https:\/\/www.solidarburkina.bf\/wp-content\/uploads\/WhatsApp-Image-2023-03-30-a-10.45.46Art-IMG1-768x337.jpg 768w, https:\/\/www.solidarburkina.bf\/wp-content\/uploads\/WhatsApp-Image-2023-03-30-a-10.45.46Art-IMG1-344x151.jpg 344w, https:\/\/www.solidarburkina.bf\/wp-content\/uploads\/WhatsApp-Image-2023-03-30-a-10.45.46Art-IMG1-160x70.jpg 160w, https:\/\/www.solidarburkina.bf\/wp-content\/uploads\/WhatsApp-Image-2023-03-30-a-10.45.46Art-IMG1-172x75.jpg 172w, https:\/\/www.solidarburkina.bf\/wp-content\/uploads\/WhatsApp-Image-2023-03-30-a-10.45.46Art-IMG1-80x35.jpg 80w, https:\/\/www.solidarburkina.bf\/wp-content\/uploads\/WhatsApp-Image-2023-03-30-a-10.45.46Art-IMG1.jpg 1080w\" sizes=\"(max-width: 1024px) 100vw, 1024px\" \/><figcaption class=\"wp-element-caption\"><em>Master craftsmen from the trades targeted by the Eastern Region project shared their experience with the day&#8217;s godchildren.<\/em> <\/figcaption><\/figure>\n\n<p>Organized in partnership with our local partner, the ARFA Association, this forum provided a forum for exchange and experience sharing between master craftsmen and 90 young girls and women aged between 19 and 35 from the Eastern region. Also present were microfinance institutions such as the Fonds d&#8217;Appui aux Activit\u00e9s R\u00e9mun\u00e9ratrices de Femmes (FAARF) and the Fonds d&#8217;Appui aux Initiatives des Jeunes (FAIJ), which provided information on how to grant credit to these young girls and women.   <\/p>\n\n<p>At the end of this meeting, they will be placed with master craftsmen to train in their chosen trades. For the 2023 cohort, eight (08) trades are planned: aesthetic hairdressing, cutting and sewing, weaving dyeing, saponification, 2-wheel car mechanics, dairy product processing, sanitary plumbing and solar energy. <\/p>\n","protected":false},"excerpt":{"rendered":"<p>&#8220;Putting master craftsmen in touch with beneficiaries to help them discover job opportunities and choose apprenticeship trades. This is the aim of the innovative trades forum, held for the3rd time on March 30, 2023 in the town of Fada N&#8217;Gourma. Organized in partnership with our local partner, the ARFA Association, this forum provided a forum [&hellip;]<\/p>\n","protected":false},"author":4,"featured_media":38781,"comment_status":"closed","ping_status":"closed","sticky":false,"template":"","format":"standard","meta":{"_seopress_robots_primary_cat":"","_seopress_titles_title":"","_seopress_titles_desc":"","_seopress_robots_index":"","footnotes":""},"categories":[77,286,1],"domaine":[309,308,322,307],"approche":[311],"class_list":{"0":"post-38780","1":"post","2":"type-post","3":"status-publish","4":"format-standard","5":"has-post-thumbnail","7":"category-actualites","8":"category-news","9":"category-non-categorise","10":"domaine-decent-work","11":"domaine-training-and-professional-integration-of-young-people","12":"domaine-type","13":"domaine-womens-economic-empowerment","14":"approche-aflatoun-approach"},"_links":{"self":[{"href":"https:\/\/www.solidarburkina.bf\/en\/wp-json\/wp\/v2\/posts\/38780","targetHints":{"allow":["GET"]}}],"collection":[{"href":"https:\/\/www.solidarburkina.bf\/en\/wp-json\/wp\/v2\/posts"}],"about":[{"href":"https:\/\/www.solidarburkina.bf\/en\/wp-json\/wp\/v2\/types\/post"}],"author":[{"embeddable":true,"href":"https:\/\/www.solidarburkina.bf\/en\/wp-json\/wp\/v2\/users\/4"}],"replies":[{"embeddable":true,"href":"https:\/\/www.solidarburkina.bf\/en\/wp-json\/wp\/v2\/comments?post=38780"}],"version-history":[{"count":1,"href":"https:\/\/www.solidarburkina.bf\/en\/wp-json\/wp\/v2\/posts\/38780\/revisions"}],"predecessor-version":[{"id":38782,"href":"https:\/\/www.solidarburkina.bf\/en\/wp-json\/wp\/v2\/posts\/38780\/revisions\/38782"}],"wp:featuredmedia":[{"embeddable":true,"href":"https:\/\/www.solidarburkina.bf\/en\/wp-json\/wp\/v2\/media\/38781"}],"wp:attachment":[{"href":"https:\/\/www.solidarburkina.bf\/en\/wp-json\/wp\/v2\/media?parent=38780"}],"wp:term":[{"taxonomy":"category","embeddable":true,"href":"https:\/\/www.solidarburkina.bf\/en\/wp-json\/wp\/v2\/categories?post=38780"},{"taxonomy":"domaine","embeddable":true,"href":"https:\/\/www.solidarburkina.bf\/en\/wp-json\/wp\/v2\/domaine?post=38780"},{"taxonomy":"approche","embeddable":true,"href":"https:\/\/www.solidarburkina.bf\/en\/wp-json\/wp\/v2\/approche?post=38780"}],"curies":[{"name":"wp","href":"https:\/\/api.w.org\/{rel}","templated":true}]}}