{"id":38891,"date":"2023-10-16T16:08:02","date_gmt":"2023-10-16T16:08:02","guid":{"rendered":"https:\/\/www.solidarburkina.bf\/alternative-bilingual-education-in-benin-solidar-suisse-burkina-participates-in-the-training-of-paefe-barka-center-facilitators\/"},"modified":"2026-01-21T10:11:29","modified_gmt":"2026-01-21T10:11:29","slug":"alternative-bilingual-education-in-benin-solidar-suisse-burkina-participates-in-the-training-of-paefe-barka-center-facilitators","status":"publish","type":"post","link":"https:\/\/www.solidarburkina.bf\/en\/alternative-bilingual-education-in-benin-solidar-suisse-burkina-participates-in-the-training-of-paefe-barka-center-facilitators\/","title":{"rendered":"Alternative bilingual education in Benin: Solidar Suisse Burkina participates in the training of &#8220;PAEFE&#8221; Barka center facilitators"},"content":{"rendered":"\n<p>Benin&#8217;s 2023-2024 back-to-school season gets off to a good start. Facilitators and supervisors from BARKA bilingual alternative education centers in the departments of Borgou and Alibori have been trained to ensure successful implementation of the teaching and learning program. The training took place from September 10 to 24, 2023 at the Ecole Normale d&#8217;Instituteurs in Djougou. It is part of the Programme d&#8217;Appui \u00e0 l&#8217;Education et \u00e0 la Formation des Enfants Exclus du syst\u00e8me \u00e9ducatif (PAEFE). The HELVETAS and Solidar Suisse consortium is implementing this Swiss cooperation program.    <\/p>\n\n<figure class=\"wp-block-image size-large\"><img fetchpriority=\"high\" decoding=\"async\" width=\"1024\" height=\"768\" src=\"https:\/\/www.solidarburkina.bf\/wp-content\/uploads\/IMG_20230919_125431_629-1024x768.jpg\" alt=\"\" class=\"wp-image-15548\" srcset=\"https:\/\/www.solidarburkina.bf\/wp-content\/uploads\/IMG_20230919_125431_629-1024x768.jpg 1024w, https:\/\/www.solidarburkina.bf\/wp-content\/uploads\/IMG_20230919_125431_629-300x225.jpg 300w, https:\/\/www.solidarburkina.bf\/wp-content\/uploads\/IMG_20230919_125431_629-150x113.jpg 150w, https:\/\/www.solidarburkina.bf\/wp-content\/uploads\/IMG_20230919_125431_629-768x576.jpg 768w, https:\/\/www.solidarburkina.bf\/wp-content\/uploads\/IMG_20230919_125431_629-1536x1152.jpg 1536w, https:\/\/www.solidarburkina.bf\/wp-content\/uploads\/IMG_20230919_125431_629-scaled.jpg 2048w, https:\/\/www.solidarburkina.bf\/wp-content\/uploads\/IMG_20230919_125431_629-213x160.jpg 213w, https:\/\/www.solidarburkina.bf\/wp-content\/uploads\/IMG_20230919_125431_629-160x120.jpg 160w, https:\/\/www.solidarburkina.bf\/wp-content\/uploads\/IMG_20230919_125431_629-107x80.jpg 107w, https:\/\/www.solidarburkina.bf\/wp-content\/uploads\/IMG_20230919_125431_629-80x60.jpg 80w, https:\/\/www.solidarburkina.bf\/wp-content\/uploads\/IMG_20230919_125431_629-1320x990.jpg 1320w\" sizes=\"(max-width: 1024px) 100vw, 1024px\" \/><figcaption class=\"wp-element-caption\"><strong><em>On the left, two representatives of Solidar Suisse Burkina Faso with two Beninese education authorities on the right.<\/em><\/strong><\/figcaption><\/figure>\n\n<p>Helping learners to master the national language to better master French and acquire other non-linguistic skills more easily, as well as mastering cultural activities and production. This is the bilingual pedagogical approach used by the Programme d&#8217;Appui \u00e0 <a>l&#8217;Education et \u00e0 la Formation des Enfants Exclus du syst\u00e8me \u00e9ducatif (PAEFE)<\/a>. This pedagogical approach is inspired by the Intensive Literacy Training of 9 to 15 year-olds for Development (AFI\/D). Solidar Suisse developed AFI\/D in partnership with Burkina Faso&#8217;s Ministry of Education, Literacy and the Promotion of National Languages (MENAPLM). And for the training of BARKA center coordinators and supervisors in Benin, Solidar Suisse&#8217;s representative in Burkina Faso is present, Julien LOMPO, in charge of the Democracy, Civil Society and Humanitarian Aid program, and Yamba Louis NIKIEMA, Education Technical Advisor, alongside the Benin authorities in charge of education and other players such as the Cercle de r\u00e9flexion et d&#8217;action pour le d\u00e9veloppement de l&#8217;\u00e9ducation non formelle (CRADENF), Benin resource persons and pedagogical supervisors, and PAEFE coordination.    <\/p>\n\n<figure class=\"wp-block-image size-large\"><img decoding=\"async\" width=\"1024\" height=\"768\" src=\"https:\/\/www.solidarburkina.bf\/wp-content\/uploads\/IMG_20230922_174209_341-1024x768.jpg\" alt=\"\" class=\"wp-image-15551\" srcset=\"https:\/\/www.solidarburkina.bf\/wp-content\/uploads\/IMG_20230922_174209_341-1024x768.jpg 1024w, https:\/\/www.solidarburkina.bf\/wp-content\/uploads\/IMG_20230922_174209_341-300x225.jpg 300w, https:\/\/www.solidarburkina.bf\/wp-content\/uploads\/IMG_20230922_174209_341-150x113.jpg 150w, https:\/\/www.solidarburkina.bf\/wp-content\/uploads\/IMG_20230922_174209_341-768x576.jpg 768w, https:\/\/www.solidarburkina.bf\/wp-content\/uploads\/IMG_20230922_174209_341-1536x1152.jpg 1536w, https:\/\/www.solidarburkina.bf\/wp-content\/uploads\/IMG_20230922_174209_341-scaled.jpg 2048w, https:\/\/www.solidarburkina.bf\/wp-content\/uploads\/IMG_20230922_174209_341-213x160.jpg 213w, https:\/\/www.solidarburkina.bf\/wp-content\/uploads\/IMG_20230922_174209_341-160x120.jpg 160w, https:\/\/www.solidarburkina.bf\/wp-content\/uploads\/IMG_20230922_174209_341-107x80.jpg 107w, https:\/\/www.solidarburkina.bf\/wp-content\/uploads\/IMG_20230922_174209_341-80x60.jpg 80w, https:\/\/www.solidarburkina.bf\/wp-content\/uploads\/IMG_20230922_174209_341-1320x990.jpg 1320w\" sizes=\"(max-width: 1024px) 100vw, 1024px\" \/><figcaption class=\"wp-element-caption\"><strong><em>Full mobilization of BARKA center animators and supervisors, the main target of the training.<\/em><\/strong><\/figcaption><\/figure>\n\n<p>The aim was to train 250 animators, including 39 reservists from the Barka centers in Borgou and Alibori, as well as 13 NGO supervisors, for effective and efficient implementation of the program during the 2023-2024 school year. To achieve this, the focus is on document appropriation and didactics in national languages, transcription techniques, as well as strengthening participants&#8217; skills in pedagogy and didactics, etc. The national languages concerned include Dendi, Baatonuum, Boo, Fulfuld\u00e9 and Nagot. For the record, the Programme d&#8217;Appui \u00e0 l&#8217;Education et \u00e0 la Formation des Enfants Exclus du syst\u00e8me \u00e9ducatif (PAEFE) has been in its third phase of implementation since August<sup>1<\/sup>, 2021. The challenge remains to scale up the bilingual educational alternative to cater for the large number of children and teenagers living outside the formal education system. In the meantime, consolidation of the system&#8217;s achievements in the centers of the Borgou and Alibori departments is vital. For the start of the 2023-2024 school year, the program is running in 117 centers in Borgou, Alibori and Kpari, with an estimated 5,727 learners. Prior to the training stage for Barka center facilitators and supervisors in Benin, Solidar Suisse Burkina Faso helped develop the training module and took part in the recruitment process for Barka center supervisors in the departments of Atacora and Donga, newly entered into the PAEFE program under the responsibility of the Ministry of Nursery and Primary Education (MEMP).       <\/p>\n\n<figure class=\"wp-block-image size-large\"><img decoding=\"async\" width=\"1024\" height=\"768\" src=\"https:\/\/www.solidarburkina.bf\/wp-content\/uploads\/IMG_20230919_130719_822-2-1024x768.jpg\" alt=\"\" class=\"wp-image-15552\" srcset=\"https:\/\/www.solidarburkina.bf\/wp-content\/uploads\/IMG_20230919_130719_822-2-1024x768.jpg 1024w, https:\/\/www.solidarburkina.bf\/wp-content\/uploads\/IMG_20230919_130719_822-2-300x225.jpg 300w, https:\/\/www.solidarburkina.bf\/wp-content\/uploads\/IMG_20230919_130719_822-2-150x113.jpg 150w, https:\/\/www.solidarburkina.bf\/wp-content\/uploads\/IMG_20230919_130719_822-2-768x576.jpg 768w, https:\/\/www.solidarburkina.bf\/wp-content\/uploads\/IMG_20230919_130719_822-2-1536x1152.jpg 1536w, https:\/\/www.solidarburkina.bf\/wp-content\/uploads\/IMG_20230919_130719_822-2-scaled.jpg 2048w, https:\/\/www.solidarburkina.bf\/wp-content\/uploads\/IMG_20230919_130719_822-2-213x160.jpg 213w, https:\/\/www.solidarburkina.bf\/wp-content\/uploads\/IMG_20230919_130719_822-2-160x120.jpg 160w, https:\/\/www.solidarburkina.bf\/wp-content\/uploads\/IMG_20230919_130719_822-2-107x80.jpg 107w, https:\/\/www.solidarburkina.bf\/wp-content\/uploads\/IMG_20230919_130719_822-2-80x60.jpg 80w, https:\/\/www.solidarburkina.bf\/wp-content\/uploads\/IMG_20230919_130719_822-2-1320x990.jpg 1320w\" sizes=\"(max-width: 1024px) 100vw, 1024px\" \/><figcaption class=\"wp-element-caption\"><strong><em>In the middle, Julien LOMPO, Program Manager for Democracy, Civil Society and Humanitarian Aid at Solidar Suisse Burkina Faso, with Beninese education authorities.<\/em><\/strong><\/figcaption><\/figure>\n","protected":false},"excerpt":{"rendered":"<p>Benin&#8217;s 2023-2024 back-to-school season gets off to a good start. Facilitators and supervisors from BARKA bilingual alternative education centers in the departments of Borgou and Alibori have been trained to ensure successful implementation of the teaching and learning program. The training took place from September 10 to 24, 2023 at the Ecole Normale d&#8217;Instituteurs in [&hellip;]<\/p>\n","protected":false},"author":4,"featured_media":38892,"comment_status":"closed","ping_status":"closed","sticky":false,"template":"","format":"standard","meta":{"_seopress_robots_primary_cat":"","_seopress_titles_title":"","_seopress_titles_desc":"","_seopress_robots_index":"","footnotes":""},"categories":[77,1],"domaine":[301],"approche":[],"class_list":{"0":"post-38891","1":"post","2":"type-post","3":"status-publish","4":"format-standard","5":"has-post-thumbnail","7":"category-actualites","8":"category-non-categorise","9":"domaine-bi-and-plurilingual-education"},"_links":{"self":[{"href":"https:\/\/www.solidarburkina.bf\/en\/wp-json\/wp\/v2\/posts\/38891","targetHints":{"allow":["GET"]}}],"collection":[{"href":"https:\/\/www.solidarburkina.bf\/en\/wp-json\/wp\/v2\/posts"}],"about":[{"href":"https:\/\/www.solidarburkina.bf\/en\/wp-json\/wp\/v2\/types\/post"}],"author":[{"embeddable":true,"href":"https:\/\/www.solidarburkina.bf\/en\/wp-json\/wp\/v2\/users\/4"}],"replies":[{"embeddable":true,"href":"https:\/\/www.solidarburkina.bf\/en\/wp-json\/wp\/v2\/comments?post=38891"}],"version-history":[{"count":1,"href":"https:\/\/www.solidarburkina.bf\/en\/wp-json\/wp\/v2\/posts\/38891\/revisions"}],"predecessor-version":[{"id":38894,"href":"https:\/\/www.solidarburkina.bf\/en\/wp-json\/wp\/v2\/posts\/38891\/revisions\/38894"}],"wp:featuredmedia":[{"embeddable":true,"href":"https:\/\/www.solidarburkina.bf\/en\/wp-json\/wp\/v2\/media\/38892"}],"wp:attachment":[{"href":"https:\/\/www.solidarburkina.bf\/en\/wp-json\/wp\/v2\/media?parent=38891"}],"wp:term":[{"taxonomy":"category","embeddable":true,"href":"https:\/\/www.solidarburkina.bf\/en\/wp-json\/wp\/v2\/categories?post=38891"},{"taxonomy":"domaine","embeddable":true,"href":"https:\/\/www.solidarburkina.bf\/en\/wp-json\/wp\/v2\/domaine?post=38891"},{"taxonomy":"approche","embeddable":true,"href":"https:\/\/www.solidarburkina.bf\/en\/wp-json\/wp\/v2\/approche?post=38891"}],"curies":[{"name":"wp","href":"https:\/\/api.w.org\/{rel}","templated":true}]}}