{"id":39093,"date":"2024-08-02T11:46:00","date_gmt":"2024-08-02T11:46:00","guid":{"rendered":"https:\/\/www.solidarburkina.bf\/2024-2025-agricultural-season-the-boucle-du-mouhoun-regional-department-of-agriculture-animal-resources-and-fisheries-and-the-mouhoun-and-nayala-provincial-departments-visit-resicom-project-achievem\/"},"modified":"2026-01-21T10:11:49","modified_gmt":"2026-01-21T10:11:49","slug":"2024-2025-agricultural-season-the-boucle-du-mouhoun-regional-department-of-agriculture-animal-resources-and-fisheries-and-the-mouhoun-and-nayala-provincial-departments-visit-resicom-project-achievem","status":"publish","type":"post","link":"https:\/\/www.solidarburkina.bf\/en\/2024-2025-agricultural-season-the-boucle-du-mouhoun-regional-department-of-agriculture-animal-resources-and-fisheries-and-the-mouhoun-and-nayala-provincial-departments-visit-resicom-project-achievem\/","title":{"rendered":"2024-2025 agricultural season: The Boucle du Mouhoun Regional Department of Agriculture, Animal Resources and Fisheries and the Mouhoun and Nayala Provincial Departments visit RESICOM project achievements."},"content":{"rendered":"\n<p>&#8220;<em>The achievements of the RESICOM project will make a substantial contribution to achieving the objectives of the 2023-2025 agrosylvo-pastoral and fisheries offensive, as they are fully in line with the objectives assigned to this offensive, which aims to strengthen the country&#8217;s food sovereignty and household food security,&#8221;<\/em> confided <strong>Mr. Alb\u00e9ric<\/strong> Lionnel BAYALA, Regional Head of Sectoral Studies and Statistics at the Boucle du Mouhoun Regional Department of Agriculture, Animal Resources <em>and<\/em> Fisheries (DRARA). <strong>Alb\u00e9ric Lionnel BAYALA, Regional Head of Sectoral Studies and Statistics at the Boucle du Mouhoun Regional Department of Agriculture, Animal Resources and Fisheries (DRARAH-BC)<\/strong><strong>, <\/strong>at the end of a visit to RESICOM project achievements in the Mouhoun and Nayala provinces, from July 23 to 25, 2024.<\/p>\n\n<figure class=\"wp-block-image size-large\"><img fetchpriority=\"high\" decoding=\"async\" width=\"1024\" height=\"683\" src=\"https:\/\/www.solidarburkina.bf\/wp-content\/uploads\/14B-1024x683.jpg\" alt=\"\" class=\"wp-image-20131\" srcset=\"https:\/\/www.solidarburkina.bf\/wp-content\/uploads\/14B-1024x683.jpg 1024w, https:\/\/www.solidarburkina.bf\/wp-content\/uploads\/14B-300x200.jpg 300w, https:\/\/www.solidarburkina.bf\/wp-content\/uploads\/14B-150x100.jpg 150w, https:\/\/www.solidarburkina.bf\/wp-content\/uploads\/14B-768x512.jpg 768w, https:\/\/www.solidarburkina.bf\/wp-content\/uploads\/14B-1536x1024.jpg 1536w, https:\/\/www.solidarburkina.bf\/wp-content\/uploads\/14B-scaled.jpg 2048w, https:\/\/www.solidarburkina.bf\/wp-content\/uploads\/14B-240x160.jpg 240w, https:\/\/www.solidarburkina.bf\/wp-content\/uploads\/14B-160x107.jpg 160w, https:\/\/www.solidarburkina.bf\/wp-content\/uploads\/14B-120x80.jpg 120w, https:\/\/www.solidarburkina.bf\/wp-content\/uploads\/14B-80x53.jpg 80w, https:\/\/www.solidarburkina.bf\/wp-content\/uploads\/14B-1320x880.jpg 1320w\" sizes=\"(max-width: 1024px) 100vw, 1024px\" \/><\/figure>\n\n<p>Among the activities visited were: the vaccination park in the Tch\u00e9riba commune, the rice-growing lowland (20 hectares) in the Sapala commune, the input and warrantage stores in the Toma commune, as well as the CES\/DRS facilities and the market gardening perimeter in the Yaba commune. <em>This visit is part of the monitoring of project activities in accordance with the framework protocol for collaboration between the project and DRARAH. It&#8217;s an opportunity to take stock of achievements, identify difficulties and facilitate the taking of measures to ensure the smooth running of activities&#8221;.<\/em><\/p>\n\n<figure class=\"wp-block-image size-large\"><img decoding=\"async\" width=\"1024\" height=\"683\" src=\"https:\/\/www.solidarburkina.bf\/wp-content\/uploads\/5B-4-1024x683.jpg\" alt=\"\" class=\"wp-image-20127\" srcset=\"https:\/\/www.solidarburkina.bf\/wp-content\/uploads\/5B-4-1024x683.jpg 1024w, https:\/\/www.solidarburkina.bf\/wp-content\/uploads\/5B-4-300x200.jpg 300w, https:\/\/www.solidarburkina.bf\/wp-content\/uploads\/5B-4-150x100.jpg 150w, https:\/\/www.solidarburkina.bf\/wp-content\/uploads\/5B-4-768x512.jpg 768w, https:\/\/www.solidarburkina.bf\/wp-content\/uploads\/5B-4-1536x1024.jpg 1536w, https:\/\/www.solidarburkina.bf\/wp-content\/uploads\/5B-4-scaled.jpg 2048w, https:\/\/www.solidarburkina.bf\/wp-content\/uploads\/5B-4-240x160.jpg 240w, https:\/\/www.solidarburkina.bf\/wp-content\/uploads\/5B-4-160x107.jpg 160w, https:\/\/www.solidarburkina.bf\/wp-content\/uploads\/5B-4-120x80.jpg 120w, https:\/\/www.solidarburkina.bf\/wp-content\/uploads\/5B-4-80x53.jpg 80w, https:\/\/www.solidarburkina.bf\/wp-content\/uploads\/5B-4-1320x880.jpg 1320w\" sizes=\"(max-width: 1024px) 100vw, 1024px\" \/><\/figure>\n\n<p><strong><em>Exchange with beneficiaries of the Tch\u00e9riba vaccination park<\/em><\/strong><\/p>\n\n<figure class=\"wp-block-image size-large\"><img decoding=\"async\" width=\"1024\" height=\"683\" src=\"https:\/\/www.solidarburkina.bf\/wp-content\/uploads\/7B-1024x683.jpg\" alt=\"\" class=\"wp-image-20128\" srcset=\"https:\/\/www.solidarburkina.bf\/wp-content\/uploads\/7B-1024x683.jpg 1024w, https:\/\/www.solidarburkina.bf\/wp-content\/uploads\/7B-300x200.jpg 300w, https:\/\/www.solidarburkina.bf\/wp-content\/uploads\/7B-150x100.jpg 150w, https:\/\/www.solidarburkina.bf\/wp-content\/uploads\/7B-768x512.jpg 768w, https:\/\/www.solidarburkina.bf\/wp-content\/uploads\/7B-1536x1024.jpg 1536w, https:\/\/www.solidarburkina.bf\/wp-content\/uploads\/7B-scaled.jpg 2048w, https:\/\/www.solidarburkina.bf\/wp-content\/uploads\/7B-240x160.jpg 240w, https:\/\/www.solidarburkina.bf\/wp-content\/uploads\/7B-160x107.jpg 160w, https:\/\/www.solidarburkina.bf\/wp-content\/uploads\/7B-120x80.jpg 120w, https:\/\/www.solidarburkina.bf\/wp-content\/uploads\/7B-80x53.jpg 80w, https:\/\/www.solidarburkina.bf\/wp-content\/uploads\/7B-1320x880.jpg 1320w\" sizes=\"(max-width: 1024px) 100vw, 1024px\" \/><\/figure>\n\n<p><strong><em>Exchange with the beneficiaries of the Bas-fond de Sapala<\/em><\/strong><\/p>\n\n<figure class=\"wp-block-image size-large\"><img loading=\"lazy\" decoding=\"async\" width=\"1024\" height=\"683\" src=\"https:\/\/www.solidarburkina.bf\/wp-content\/uploads\/10B-1024x683.jpg\" alt=\"\" class=\"wp-image-20129\" srcset=\"https:\/\/www.solidarburkina.bf\/wp-content\/uploads\/10B-1024x683.jpg 1024w, https:\/\/www.solidarburkina.bf\/wp-content\/uploads\/10B-300x200.jpg 300w, https:\/\/www.solidarburkina.bf\/wp-content\/uploads\/10B-150x100.jpg 150w, https:\/\/www.solidarburkina.bf\/wp-content\/uploads\/10B-768x512.jpg 768w, https:\/\/www.solidarburkina.bf\/wp-content\/uploads\/10B-1536x1024.jpg 1536w, https:\/\/www.solidarburkina.bf\/wp-content\/uploads\/10B-scaled.jpg 2048w, https:\/\/www.solidarburkina.bf\/wp-content\/uploads\/10B-240x160.jpg 240w, https:\/\/www.solidarburkina.bf\/wp-content\/uploads\/10B-160x107.jpg 160w, https:\/\/www.solidarburkina.bf\/wp-content\/uploads\/10B-120x80.jpg 120w, https:\/\/www.solidarburkina.bf\/wp-content\/uploads\/10B-80x53.jpg 80w, https:\/\/www.solidarburkina.bf\/wp-content\/uploads\/10B-1320x880.jpg 1320w\" sizes=\"(max-width: 1024px) 100vw, 1024px\" \/><\/figure>\n\n<p><strong><em>Visit to CES\/DRS facilities in the commune of Yaba<\/em><\/strong><\/p>\n\n<figure class=\"wp-block-image size-large\"><img loading=\"lazy\" decoding=\"async\" width=\"1024\" height=\"543\" src=\"https:\/\/www.solidarburkina.bf\/wp-content\/uploads\/Sans-titre.pnge_-1024x543.png\" alt=\"\" class=\"wp-image-20130\" srcset=\"https:\/\/www.solidarburkina.bf\/wp-content\/uploads\/Sans-titre.pnge_-1024x543.png 1024w, https:\/\/www.solidarburkina.bf\/wp-content\/uploads\/Sans-titre.pnge_-300x159.png 300w, https:\/\/www.solidarburkina.bf\/wp-content\/uploads\/Sans-titre.pnge_-150x80.png 150w, https:\/\/www.solidarburkina.bf\/wp-content\/uploads\/Sans-titre.pnge_-768x407.png 768w, https:\/\/www.solidarburkina.bf\/wp-content\/uploads\/Sans-titre.pnge_-302x160.png 302w, https:\/\/www.solidarburkina.bf\/wp-content\/uploads\/Sans-titre.pnge_-160x85.png 160w, https:\/\/www.solidarburkina.bf\/wp-content\/uploads\/Sans-titre.pnge_-151x80.png 151w, https:\/\/www.solidarburkina.bf\/wp-content\/uploads\/Sans-titre.pnge_-80x42.png 80w, https:\/\/www.solidarburkina.bf\/wp-content\/uploads\/Sans-titre.pnge_.png 1281w\" sizes=\"(max-width: 1024px) 100vw, 1024px\" \/><\/figure>\n\n<p><strong><em>Exchange with the beneficiaries of the Bounou market garden scheme<\/em><\/strong> <\/p>\n\n<p>As for the beneficiaries of the facilities visited, this outing is most welcome. &#8221; <em>We are delighted by this visit from DRARAH, and it motivates us to redouble our efforts to achieve good yields at the end of the season&#8221;,<\/em> confided <strong>Mr. Zakaria KI, President of the &#8220;Laobarka (Dieu Merci)&#8221; Cooperative,<\/strong> a beneficiary of the Bounou perimeter.<\/p>\n\n<p><strong>Mr. Aristide ZONO, Provincial Director of Agriculture, Animal Resources and Fisheries for Nayala<\/strong>, who also took part in the visit, reassured producers of his department&#8217;s readiness to support them in making efficient use of the facilities to promote food security, particularly for vulnerable households including internally displaced people.  <\/p>\n\n<figure class=\"wp-block-image size-large\"><img loading=\"lazy\" decoding=\"async\" width=\"1024\" height=\"619\" src=\"https:\/\/www.solidarburkina.bf\/wp-content\/uploads\/15B-1024x619.png\" alt=\"\" class=\"wp-image-20132\" srcset=\"https:\/\/www.solidarburkina.bf\/wp-content\/uploads\/15B-1024x619.png 1024w, https:\/\/www.solidarburkina.bf\/wp-content\/uploads\/15B-300x181.png 300w, https:\/\/www.solidarburkina.bf\/wp-content\/uploads\/15B-150x91.png 150w, https:\/\/www.solidarburkina.bf\/wp-content\/uploads\/15B-768x464.png 768w, https:\/\/www.solidarburkina.bf\/wp-content\/uploads\/15B-265x160.png 265w, https:\/\/www.solidarburkina.bf\/wp-content\/uploads\/15B-160x97.png 160w, https:\/\/www.solidarburkina.bf\/wp-content\/uploads\/15B-132x80.png 132w, https:\/\/www.solidarburkina.bf\/wp-content\/uploads\/15B-80x48.png 80w, https:\/\/www.solidarburkina.bf\/wp-content\/uploads\/15B.png 1037w\" sizes=\"(max-width: 1024px) 100vw, 1024px\" \/><\/figure>\n\n<p>The RESICOM project is funded by the Embassy of the Kingdom of Denmark in Burkina Faso. It is implemented by the consortium Solidar Suisse and SOS SAHEL International Burkina Faso, in partnership with OCADES &#8211; D\u00e9dougou (Boucle du Mouhoun), the F\u00e9d\u00e9ration des Professionnels Agricoles du Burkina &#8211; FEPAB-Yatenga (North) and the Association Wend-Kuuni du Centre-Nord. <\/p>\n","protected":false},"excerpt":{"rendered":"<p>&#8220;The achievements of the RESICOM project will make a substantial contribution to achieving the objectives of the 2023-2025 agrosylvo-pastoral and fisheries offensive, as they are fully in line with the objectives assigned to this offensive, which aims to strengthen the country&#8217;s food sovereignty and household food security,&#8221; confided Mr. Alb\u00e9ric Lionnel BAYALA, Regional Head of [&hellip;]<\/p>\n","protected":false},"author":4,"featured_media":39095,"comment_status":"closed","ping_status":"closed","sticky":false,"template":"","format":"standard","meta":{"_seopress_robots_primary_cat":"","_seopress_titles_title":"","_seopress_titles_desc":"","_seopress_robots_index":"","footnotes":""},"categories":[1,292,210],"domaine":[310,320,294,309,318,316,293,317,315],"approche":[328,332,330],"class_list":{"0":"post-39093","1":"post","2":"type-post","3":"status-publish","4":"format-standard","5":"has-post-thumbnail","7":"category-non-categorise","8":"category-resources","9":"category-ressources","10":"domaine-agroecology","11":"domaine-breeding","12":"domaine-climate-change-resilience","13":"domaine-decent-work","14":"domaine-early-recovery","15":"domaine-family-farming","16":"domaine-food-safety","17":"domaine-market-gardening","18":"domaine-rural-development","19":"approche-attic-of-solidarity","20":"approche-service-center","21":"approche-warrantage"},"_links":{"self":[{"href":"https:\/\/www.solidarburkina.bf\/en\/wp-json\/wp\/v2\/posts\/39093","targetHints":{"allow":["GET"]}}],"collection":[{"href":"https:\/\/www.solidarburkina.bf\/en\/wp-json\/wp\/v2\/posts"}],"about":[{"href":"https:\/\/www.solidarburkina.bf\/en\/wp-json\/wp\/v2\/types\/post"}],"author":[{"embeddable":true,"href":"https:\/\/www.solidarburkina.bf\/en\/wp-json\/wp\/v2\/users\/4"}],"replies":[{"embeddable":true,"href":"https:\/\/www.solidarburkina.bf\/en\/wp-json\/wp\/v2\/comments?post=39093"}],"version-history":[{"count":1,"href":"https:\/\/www.solidarburkina.bf\/en\/wp-json\/wp\/v2\/posts\/39093\/revisions"}],"predecessor-version":[{"id":39097,"href":"https:\/\/www.solidarburkina.bf\/en\/wp-json\/wp\/v2\/posts\/39093\/revisions\/39097"}],"wp:featuredmedia":[{"embeddable":true,"href":"https:\/\/www.solidarburkina.bf\/en\/wp-json\/wp\/v2\/media\/39095"}],"wp:attachment":[{"href":"https:\/\/www.solidarburkina.bf\/en\/wp-json\/wp\/v2\/media?parent=39093"}],"wp:term":[{"taxonomy":"category","embeddable":true,"href":"https:\/\/www.solidarburkina.bf\/en\/wp-json\/wp\/v2\/categories?post=39093"},{"taxonomy":"domaine","embeddable":true,"href":"https:\/\/www.solidarburkina.bf\/en\/wp-json\/wp\/v2\/domaine?post=39093"},{"taxonomy":"approche","embeddable":true,"href":"https:\/\/www.solidarburkina.bf\/en\/wp-json\/wp\/v2\/approche?post=39093"}],"curies":[{"name":"wp","href":"https:\/\/api.w.org\/{rel}","templated":true}]}}