{"id":39119,"date":"2024-02-23T11:44:00","date_gmt":"2024-02-23T11:44:00","guid":{"rendered":"https:\/\/www.solidarburkina.bf\/project-to-promote-responsible-gold-panning-or-stakeholders-draw-lessons-learned-from-first-year-of-implementation\/"},"modified":"2026-01-21T10:11:41","modified_gmt":"2026-01-21T10:11:41","slug":"project-to-promote-responsible-gold-panning-or-stakeholders-draw-lessons-learned-from-first-year-of-implementation","status":"publish","type":"post","link":"https:\/\/www.solidarburkina.bf\/en\/project-to-promote-responsible-gold-panning-or-stakeholders-draw-lessons-learned-from-first-year-of-implementation\/","title":{"rendered":"Project to promote responsible gold panning (OR): stakeholders draw lessons learned from first year of implementation"},"content":{"rendered":"\n<p>&#8220;Drawing lessons in a participatory manner on the achievements and shortcomings of the implementation of the OR project, analyzing the context and presenting the programming of activities for 2024.&#8221; This was the aim of the technical workshop held on February 22, 2024 in Ouagadougou, which brought together those involved in implementing the GOLD project, NGOs and CSOs in the sector, as well as technical and financial partners. Chaired by the Director General of Mines and Geology, representing the Secretary General of the Ministry of Mines and Quarries, Mr. <strong>Aristide BELEMSEBGO<\/strong>, in his opening remarks, stressed the need to combine efforts to formalize the artisanal mining sector.  <\/p>\n\n<figure class=\"wp-block-image size-large is-resized\"><img fetchpriority=\"high\" decoding=\"async\" width=\"1024\" height=\"682\" src=\"https:\/\/www.solidarburkina.bf\/wp-content\/uploads\/WhatsApp-Image-2024-04-03-a-12.25.56_b3fb0379-1024x682.jpg\" alt=\"\" class=\"wp-image-17401\" style=\"width:839px;height:auto\" srcset=\"https:\/\/www.solidarburkina.bf\/wp-content\/uploads\/WhatsApp-Image-2024-04-03-a-12.25.56_b3fb0379-1024x682.jpg 1024w, https:\/\/www.solidarburkina.bf\/wp-content\/uploads\/WhatsApp-Image-2024-04-03-a-12.25.56_b3fb0379-300x200.jpg 300w, https:\/\/www.solidarburkina.bf\/wp-content\/uploads\/WhatsApp-Image-2024-04-03-a-12.25.56_b3fb0379-150x100.jpg 150w, https:\/\/www.solidarburkina.bf\/wp-content\/uploads\/WhatsApp-Image-2024-04-03-a-12.25.56_b3fb0379-768x512.jpg 768w, https:\/\/www.solidarburkina.bf\/wp-content\/uploads\/WhatsApp-Image-2024-04-03-a-12.25.56_b3fb0379-240x160.jpg 240w, https:\/\/www.solidarburkina.bf\/wp-content\/uploads\/WhatsApp-Image-2024-04-03-a-12.25.56_b3fb0379-160x107.jpg 160w, https:\/\/www.solidarburkina.bf\/wp-content\/uploads\/WhatsApp-Image-2024-04-03-a-12.25.56_b3fb0379-120x80.jpg 120w, https:\/\/www.solidarburkina.bf\/wp-content\/uploads\/WhatsApp-Image-2024-04-03-a-12.25.56_b3fb0379-80x53.jpg 80w, https:\/\/www.solidarburkina.bf\/wp-content\/uploads\/WhatsApp-Image-2024-04-03-a-12.25.56_b3fb0379.jpg 1280w\" sizes=\"(max-width: 1024px) 100vw, 1024px\" \/><\/figure>\n\n<p class=\"has-text-align-center\"><em><strong>The presidium at the opening ceremony<\/strong><\/em>, <em><strong>from left to right: Selina BEZZOLA, Swiss Cooperation; Aristide BELEMSEBGO, Director of Mines and Geology<\/strong><\/em>; <em><strong>Fabrizio De Georgio FERARRI TRECATE, Country Manager Caristas Switzerland<\/strong><\/em><\/p>\n\n<p>On this occasion, the results of activities on the <strong><em>effects 02 &#8220;Local authorities participate in the management of artisanal mining according to their communal charters and improve trust between the various stakeholders in the sector&#8221; and<\/em><\/strong> and <em><strong>03 &#8220;Actors in the artisanal gold production chain adopt practices that respect the environment, human rights (including the rights of women and children) and occupational health and safety.&#8221;<\/strong><\/em> This project was presented to the participants. The report raised a number of questions about the continuation of activities. Among the concerns raised were the following:  <\/p>\n\n<ul class=\"wp-block-list\">\n<li>formalization of project sites ;<\/li>\n\n\n\n<li>Challenges related to the implementation of project activities and site closure measures;<\/li>\n\n\n\n<li>the security situation in the Dassa area;<\/li>\n\n\n\n<li>the suspension of gold exports by private comptoirs and semi-mechanized companies;<\/li>\n\n\n\n<li>measures taken by the Soci\u00e9t\u00e9 Nationale des Substances Pr\u00e9cieuses (SONASP) to ensure the marketing of gold.<\/li>\n<\/ul>\n\n<figure class=\"wp-block-image size-large\"><img decoding=\"async\" width=\"1024\" height=\"682\" src=\"https:\/\/www.solidarburkina.bf\/wp-content\/uploads\/WhatsApp-Image-2024-04-03-a-12.25.49_1072d30b-1024x682.jpg\" alt=\"\" class=\"wp-image-17402\" srcset=\"https:\/\/www.solidarburkina.bf\/wp-content\/uploads\/WhatsApp-Image-2024-04-03-a-12.25.49_1072d30b-1024x682.jpg 1024w, https:\/\/www.solidarburkina.bf\/wp-content\/uploads\/WhatsApp-Image-2024-04-03-a-12.25.49_1072d30b-300x200.jpg 300w, https:\/\/www.solidarburkina.bf\/wp-content\/uploads\/WhatsApp-Image-2024-04-03-a-12.25.49_1072d30b-150x100.jpg 150w, https:\/\/www.solidarburkina.bf\/wp-content\/uploads\/WhatsApp-Image-2024-04-03-a-12.25.49_1072d30b-768x512.jpg 768w, https:\/\/www.solidarburkina.bf\/wp-content\/uploads\/WhatsApp-Image-2024-04-03-a-12.25.49_1072d30b-240x160.jpg 240w, https:\/\/www.solidarburkina.bf\/wp-content\/uploads\/WhatsApp-Image-2024-04-03-a-12.25.49_1072d30b-160x107.jpg 160w, https:\/\/www.solidarburkina.bf\/wp-content\/uploads\/WhatsApp-Image-2024-04-03-a-12.25.49_1072d30b-120x80.jpg 120w, https:\/\/www.solidarburkina.bf\/wp-content\/uploads\/WhatsApp-Image-2024-04-03-a-12.25.49_1072d30b-80x53.jpg 80w, https:\/\/www.solidarburkina.bf\/wp-content\/uploads\/WhatsApp-Image-2024-04-03-a-12.25.49_1072d30b.jpg 1280w\" sizes=\"(max-width: 1024px) 100vw, 1024px\" \/><\/figure>\n\n<p>To meet these challenges, a number of recommendations were made by the participants at the end of the discussions, including :<\/p>\n\n<ul class=\"wp-block-list\">\n<li>Conduct political dialogue with the authorities to have the closure lifted at project sites;<\/li>\n\n\n\n<li>Take into account the specific needs of women in the conduct of project activities;<\/li>\n\n\n\n<li>Maintain communication with all stakeholders, etc.  <\/li>\n<\/ul>\n\n<p>As a reminder, the overall aim of the OR project is &#8220;to establish responsible gold mining at artisanal mining sites in Burkina Faso, and to enable those involved in the artisanal gold production chain to benefit from better services and working conditions, contribute to local development and reduce the negative impacts of the sector&#8221;. It is implemented by the consortium Caritas Suisse (project leader), Artisanal Gold Council and Solidar Suisse. It is financed by the SDC for the period May 2023 to April 2027 (phase 1).   <\/p>\n\n<p><a id=\"_msocom_1\"><\/a><\/p>\n\n<p><\/p>\n","protected":false},"excerpt":{"rendered":"<p>&#8220;Drawing lessons in a participatory manner on the achievements and shortcomings of the implementation of the OR project, analyzing the context and presenting the programming of activities for 2024.&#8221; This was the aim of the technical workshop held on February 22, 2024 in Ouagadougou, which brought together those involved in implementing the GOLD project, NGOs [&hellip;]<\/p>\n","protected":false},"author":4,"featured_media":39120,"comment_status":"closed","ping_status":"closed","sticky":false,"template":"","format":"standard","meta":{"_seopress_robots_primary_cat":"","_seopress_titles_title":"","_seopress_titles_desc":"","_seopress_robots_index":"","footnotes":""},"categories":[77,286,1],"domaine":[324],"approche":[],"class_list":{"0":"post-39119","1":"post","2":"type-post","3":"status-publish","4":"format-standard","5":"has-post-thumbnail","7":"category-actualites","8":"category-news","9":"category-non-categorise","10":"domaine-gold-panning"},"_links":{"self":[{"href":"https:\/\/www.solidarburkina.bf\/en\/wp-json\/wp\/v2\/posts\/39119","targetHints":{"allow":["GET"]}}],"collection":[{"href":"https:\/\/www.solidarburkina.bf\/en\/wp-json\/wp\/v2\/posts"}],"about":[{"href":"https:\/\/www.solidarburkina.bf\/en\/wp-json\/wp\/v2\/types\/post"}],"author":[{"embeddable":true,"href":"https:\/\/www.solidarburkina.bf\/en\/wp-json\/wp\/v2\/users\/4"}],"replies":[{"embeddable":true,"href":"https:\/\/www.solidarburkina.bf\/en\/wp-json\/wp\/v2\/comments?post=39119"}],"version-history":[{"count":1,"href":"https:\/\/www.solidarburkina.bf\/en\/wp-json\/wp\/v2\/posts\/39119\/revisions"}],"predecessor-version":[{"id":39121,"href":"https:\/\/www.solidarburkina.bf\/en\/wp-json\/wp\/v2\/posts\/39119\/revisions\/39121"}],"wp:featuredmedia":[{"embeddable":true,"href":"https:\/\/www.solidarburkina.bf\/en\/wp-json\/wp\/v2\/media\/39120"}],"wp:attachment":[{"href":"https:\/\/www.solidarburkina.bf\/en\/wp-json\/wp\/v2\/media?parent=39119"}],"wp:term":[{"taxonomy":"category","embeddable":true,"href":"https:\/\/www.solidarburkina.bf\/en\/wp-json\/wp\/v2\/categories?post=39119"},{"taxonomy":"domaine","embeddable":true,"href":"https:\/\/www.solidarburkina.bf\/en\/wp-json\/wp\/v2\/domaine?post=39119"},{"taxonomy":"approche","embeddable":true,"href":"https:\/\/www.solidarburkina.bf\/en\/wp-json\/wp\/v2\/approche?post=39119"}],"curies":[{"name":"wp","href":"https:\/\/api.w.org\/{rel}","templated":true}]}}