{"id":39122,"date":"2024-12-14T07:26:00","date_gmt":"2024-12-14T07:26:00","guid":{"rendered":"https:\/\/www.solidarburkina.bf\/sustainable-access-to-farmer-seeds-for-small-producers-and-promotion-of-agroecological-practices-the-rilgre-project-builds-the-capacity-of-agroecological-communities\/"},"modified":"2026-01-21T10:11:59","modified_gmt":"2026-01-21T10:11:59","slug":"sustainable-access-to-farmer-seeds-for-small-producers-and-promotion-of-agroecological-practices-the-rilgre-project-builds-the-capacity-of-agroecological-communities","status":"publish","type":"post","link":"https:\/\/www.solidarburkina.bf\/en\/sustainable-access-to-farmer-seeds-for-small-producers-and-promotion-of-agroecological-practices-the-rilgre-project-builds-the-capacity-of-agroecological-communities\/","title":{"rendered":"Sustainable access to farmer seeds for small producers and promotion of agroecological practices: The Rilgr\u00e9 project builds the capacity of agroecological communities"},"content":{"rendered":"\n<p>From November 18 to 22, 2024, five (05) training sessions for the selection, adaptation and multiplication of farmers&#8217; seeds were held for the benefit of the technical nuclei of the &#8220;Rilgr\u00e9&#8221; agroecological communities (CoRi) &#8211; networks of producers woven together on a communal scale &#8211; with a view to enabling them to conduct household awareness-raising sessions in 50 villages in the Centre-Est, Centre-Nord and Plateau-Central regions.<\/p>\n\n<figure class=\"wp-block-image size-full\"><img fetchpriority=\"high\" decoding=\"async\" width=\"1024\" height=\"768\" src=\"https:\/\/www.solidarburkina.bf\/wp-content\/uploads\/3-13.jpg\" alt=\"\" class=\"wp-image-22291\" srcset=\"https:\/\/www.solidarburkina.bf\/wp-content\/uploads\/3-13.jpg 1024w, https:\/\/www.solidarburkina.bf\/wp-content\/uploads\/3-13-300x225.jpg 300w, https:\/\/www.solidarburkina.bf\/wp-content\/uploads\/3-13-150x113.jpg 150w, https:\/\/www.solidarburkina.bf\/wp-content\/uploads\/3-13-768x576.jpg 768w, https:\/\/www.solidarburkina.bf\/wp-content\/uploads\/3-13-213x160.jpg 213w, https:\/\/www.solidarburkina.bf\/wp-content\/uploads\/3-13-160x120.jpg 160w, https:\/\/www.solidarburkina.bf\/wp-content\/uploads\/3-13-107x80.jpg 107w, https:\/\/www.solidarburkina.bf\/wp-content\/uploads\/3-13-80x60.jpg 80w\" sizes=\"(max-width: 1024px) 100vw, 1024px\" \/><\/figure>\n\n<p>The aim of these training sessions was to promote farmers&#8217; seeds by setting up living farmers&#8217; seed huts, in order to guarantee sustainable access to quality seeds, adapted to the needs of small-scale producers and to current climatic challenges. They brought together a total of 50 members of the CoRi technical nuclei from 50 villages, i.e. one member per village. Each training session covered techniques for selecting, adapting and conserving farmers&#8217; seeds, with practical case studies. The members of the CoRi technical cores who have been trained will report on the training sessions through household awareness-raising sessions in the villages.   <\/p>\n\n<p>The Rilgr\u00e9 project is being implemented by the Solidar Suisse consortium and the Association Beo-Neer\u00e9 Agro\u00e9cologie (ABNA) in partnership with the Wendkouni Association. Its overall aim is to improve the integrated management of natural resources and sustainably restore natural ecosystems in the Sahel, in order to strengthen the resilience of vulnerable populations in the face of climate change. It covers 13 communes in the Plateau-Central, Centre-Nord and Centre-Est regions. Set up by the project, the CoRi is a form of social organization adapted to the socio-cultural context of the target communes, with a view to guaranteeing the sustainability of the project&#8217;s results. At commune level, each CoRi comprises 200 members, including a 20-strong management committee and a 5-strong technical core responsible for providing local support to producers through social mobilization and the dissemination of agroecological techniques.    <\/p>\n\n<p>The Rilgr\u00e9 project is financed by the Kingdom of Belgium as part of the implementation of the Portefeuille Th\u00e9matique Climat Sahel (PTCS)-volet Burkina Faso.<\/p>\n\n<figure class=\"wp-block-image size-full\"><img decoding=\"async\" width=\"1020\" height=\"768\" src=\"https:\/\/www.solidarburkina.bf\/wp-content\/uploads\/WhatsApp-Image-2024-12-13-a-11.26.17_1097a9f3.jpg\" alt=\"\" class=\"wp-image-22292\" srcset=\"https:\/\/www.solidarburkina.bf\/wp-content\/uploads\/WhatsApp-Image-2024-12-13-a-11.26.17_1097a9f3.jpg 1020w, https:\/\/www.solidarburkina.bf\/wp-content\/uploads\/WhatsApp-Image-2024-12-13-a-11.26.17_1097a9f3-300x226.jpg 300w, https:\/\/www.solidarburkina.bf\/wp-content\/uploads\/WhatsApp-Image-2024-12-13-a-11.26.17_1097a9f3-150x113.jpg 150w, https:\/\/www.solidarburkina.bf\/wp-content\/uploads\/WhatsApp-Image-2024-12-13-a-11.26.17_1097a9f3-768x578.jpg 768w, https:\/\/www.solidarburkina.bf\/wp-content\/uploads\/WhatsApp-Image-2024-12-13-a-11.26.17_1097a9f3-213x160.jpg 213w, https:\/\/www.solidarburkina.bf\/wp-content\/uploads\/WhatsApp-Image-2024-12-13-a-11.26.17_1097a9f3-160x120.jpg 160w, https:\/\/www.solidarburkina.bf\/wp-content\/uploads\/WhatsApp-Image-2024-12-13-a-11.26.17_1097a9f3-106x80.jpg 106w, https:\/\/www.solidarburkina.bf\/wp-content\/uploads\/WhatsApp-Image-2024-12-13-a-11.26.17_1097a9f3-80x60.jpg 80w\" sizes=\"(max-width: 1020px) 100vw, 1020px\" \/><\/figure>\n","protected":false},"excerpt":{"rendered":"<p>From November 18 to 22, 2024, five (05) training sessions for the selection, adaptation and multiplication of farmers&#8217; seeds were held for the benefit of the technical nuclei of the &#8220;Rilgr\u00e9&#8221; agroecological communities (CoRi) &#8211; networks of producers woven together on a communal scale &#8211; with a view to enabling them to conduct household awareness-raising [&hellip;]<\/p>\n","protected":false},"author":4,"featured_media":39124,"comment_status":"closed","ping_status":"closed","sticky":false,"template":"","format":"standard","meta":{"_seopress_robots_primary_cat":"","_seopress_titles_title":"","_seopress_titles_desc":"","_seopress_robots_index":"","footnotes":""},"categories":[1,292,210],"domaine":[310,294,316,293,315],"approche":[334],"class_list":{"0":"post-39122","1":"post","2":"type-post","3":"status-publish","4":"format-standard","5":"has-post-thumbnail","7":"category-non-categorise","8":"category-resources","9":"category-ressources","10":"domaine-agroecology","11":"domaine-climate-change-resilience","12":"domaine-family-farming","13":"domaine-food-safety","14":"domaine-rural-development","15":"approche-rilgre-community"},"_links":{"self":[{"href":"https:\/\/www.solidarburkina.bf\/en\/wp-json\/wp\/v2\/posts\/39122","targetHints":{"allow":["GET"]}}],"collection":[{"href":"https:\/\/www.solidarburkina.bf\/en\/wp-json\/wp\/v2\/posts"}],"about":[{"href":"https:\/\/www.solidarburkina.bf\/en\/wp-json\/wp\/v2\/types\/post"}],"author":[{"embeddable":true,"href":"https:\/\/www.solidarburkina.bf\/en\/wp-json\/wp\/v2\/users\/4"}],"replies":[{"embeddable":true,"href":"https:\/\/www.solidarburkina.bf\/en\/wp-json\/wp\/v2\/comments?post=39122"}],"version-history":[{"count":1,"href":"https:\/\/www.solidarburkina.bf\/en\/wp-json\/wp\/v2\/posts\/39122\/revisions"}],"predecessor-version":[{"id":39126,"href":"https:\/\/www.solidarburkina.bf\/en\/wp-json\/wp\/v2\/posts\/39122\/revisions\/39126"}],"wp:featuredmedia":[{"embeddable":true,"href":"https:\/\/www.solidarburkina.bf\/en\/wp-json\/wp\/v2\/media\/39124"}],"wp:attachment":[{"href":"https:\/\/www.solidarburkina.bf\/en\/wp-json\/wp\/v2\/media?parent=39122"}],"wp:term":[{"taxonomy":"category","embeddable":true,"href":"https:\/\/www.solidarburkina.bf\/en\/wp-json\/wp\/v2\/categories?post=39122"},{"taxonomy":"domaine","embeddable":true,"href":"https:\/\/www.solidarburkina.bf\/en\/wp-json\/wp\/v2\/domaine?post=39122"},{"taxonomy":"approche","embeddable":true,"href":"https:\/\/www.solidarburkina.bf\/en\/wp-json\/wp\/v2\/approche?post=39122"}],"curies":[{"name":"wp","href":"https:\/\/api.w.org\/{rel}","templated":true}]}}