{"id":39128,"date":"2025-01-17T12:00:37","date_gmt":"2025-01-17T12:00:37","guid":{"rendered":"https:\/\/www.solidarburkina.bf\/aflatoun-clubs-for-socially-useful-and-economically-independent-students\/"},"modified":"2026-01-21T10:12:01","modified_gmt":"2026-01-21T10:12:01","slug":"aflatoun-clubs-for-socially-useful-and-economically-independent-students","status":"publish","type":"post","link":"https:\/\/www.solidarburkina.bf\/en\/aflatoun-clubs-for-socially-useful-and-economically-independent-students\/","title":{"rendered":"Aflatoun Clubs: for socially useful and economically independent students"},"content":{"rendered":"\n<p>Encourage and initiate young people to lead responsible lives and become agents of change by educating them socially and financially. This is the aim of the Aflatoun approach developed as part of the &#8220;Promotion de l&#8217;acc\u00e8s des filles et des femmes \u00e0 un Syst\u00e8me Educatif et de Formation Professionnelle de qualit\u00e9 (PROMESSE-FP)&#8221; project. Discover this approach in this video.  <\/p>\n\n<figure class=\"wp-block-embed is-type-video is-provider-youtube wp-block-embed-youtube wp-embed-aspect-16-9 wp-has-aspect-ratio\"><div class=\"wp-block-embed__wrapper\">\n<iframe title=\"Clubs Aflatoun: pour des \u00e9l\u00e8ves socialement utiles et \u00e9conomiquement autonomes\" width=\"800\" height=\"450\" src=\"https:\/\/www.youtube.com\/embed\/y_FjLcLNPto?list=PLqEuu66jLY3PPPk8QMRO81bPS3uJQqG1X\" frameborder=\"0\" allow=\"accelerometer; autoplay; clipboard-write; encrypted-media; gyroscope; picture-in-picture; web-share\" referrerpolicy=\"strict-origin-when-cross-origin\" allowfullscreen><\/iframe>\n<\/div><\/figure>\n","protected":false},"excerpt":{"rendered":"<p>Encourage and initiate young people to lead responsible lives and become agents of change by educating them socially and financially. This is the aim of the Aflatoun approach developed as part of the &#8220;Promotion de l&#8217;acc\u00e8s des filles et des femmes \u00e0 un Syst\u00e8me Educatif et de Formation Professionnelle de qualit\u00e9 (PROMESSE-FP)&#8221; project. Discover this [&hellip;]<\/p>\n","protected":false},"author":4,"featured_media":39131,"comment_status":"closed","ping_status":"closed","sticky":false,"template":"","format":"video","meta":{"_seopress_robots_primary_cat":"","_seopress_titles_title":"","_seopress_titles_desc":"","_seopress_robots_index":"","footnotes":""},"categories":[1,210],"domaine":[309,308,322,307],"approche":[311],"class_list":{"0":"post-39128","1":"post","2":"type-post","3":"status-publish","4":"format-video","5":"has-post-thumbnail","7":"category-non-categorise","8":"category-ressources","9":"post_format-post-format-video","10":"domaine-decent-work","11":"domaine-training-and-professional-integration-of-young-people","12":"domaine-type","13":"domaine-womens-economic-empowerment","14":"approche-aflatoun-approach"},"_links":{"self":[{"href":"https:\/\/www.solidarburkina.bf\/en\/wp-json\/wp\/v2\/posts\/39128","targetHints":{"allow":["GET"]}}],"collection":[{"href":"https:\/\/www.solidarburkina.bf\/en\/wp-json\/wp\/v2\/posts"}],"about":[{"href":"https:\/\/www.solidarburkina.bf\/en\/wp-json\/wp\/v2\/types\/post"}],"author":[{"embeddable":true,"href":"https:\/\/www.solidarburkina.bf\/en\/wp-json\/wp\/v2\/users\/4"}],"replies":[{"embeddable":true,"href":"https:\/\/www.solidarburkina.bf\/en\/wp-json\/wp\/v2\/comments?post=39128"}],"version-history":[{"count":1,"href":"https:\/\/www.solidarburkina.bf\/en\/wp-json\/wp\/v2\/posts\/39128\/revisions"}],"predecessor-version":[{"id":39133,"href":"https:\/\/www.solidarburkina.bf\/en\/wp-json\/wp\/v2\/posts\/39128\/revisions\/39133"}],"wp:featuredmedia":[{"embeddable":true,"href":"https:\/\/www.solidarburkina.bf\/en\/wp-json\/wp\/v2\/media\/39131"}],"wp:attachment":[{"href":"https:\/\/www.solidarburkina.bf\/en\/wp-json\/wp\/v2\/media?parent=39128"}],"wp:term":[{"taxonomy":"category","embeddable":true,"href":"https:\/\/www.solidarburkina.bf\/en\/wp-json\/wp\/v2\/categories?post=39128"},{"taxonomy":"domaine","embeddable":true,"href":"https:\/\/www.solidarburkina.bf\/en\/wp-json\/wp\/v2\/domaine?post=39128"},{"taxonomy":"approche","embeddable":true,"href":"https:\/\/www.solidarburkina.bf\/en\/wp-json\/wp\/v2\/approche?post=39128"}],"curies":[{"name":"wp","href":"https:\/\/api.w.org\/{rel}","templated":true}]}}