{"id":39134,"date":"2025-01-17T11:53:31","date_gmt":"2025-01-17T11:53:31","guid":{"rendered":"https:\/\/www.solidarburkina.bf\/at3e-a-vocational-training-approach-for-versatile-learners\/"},"modified":"2026-01-21T10:12:00","modified_gmt":"2026-01-21T10:12:00","slug":"at3e-a-vocational-training-approach-for-versatile-learners","status":"publish","type":"post","link":"https:\/\/www.solidarburkina.bf\/en\/at3e-a-vocational-training-approach-for-versatile-learners\/","title":{"rendered":"AT3E: a vocational training approach for versatile learners"},"content":{"rendered":"\n<p>As part of the &#8220;Promotion de l&#8217;acc\u00e8s des filles et des femmes \u00e0 un Syst\u00e8me Educatif et de Formation Professionnelle de qualit\u00e9 (PROMESSE-FP)&#8221; project, the vocational training offered was based on the AT3E approach (Apprenticeship, ICT, Entrepreneurship and Financial Education for Employment). This is a training offer that takes into account apprenticeship in trades identified on the basis of growth niches in the communes of intervention, training in life skills and financial education, entrepreneurship, use of ICT, leadership, personal development and literacy. It&#8217;s an approach that enables learners to acquire practical skills over a short period of less than 12 months, enabling them to apply them immediately after their training. As part of the PROMESSE-FP project, 1108 girls, including 508 IDPs (45.84%), were trained in the 10 vocational education and training centers opened in Fada, Gay\u00e9ri, Dori, Kaya, Boulsa and Ouahigouya. Find out more in this video.      <\/p>\n\n<figure class=\"wp-block-embed is-type-video is-provider-youtube wp-block-embed-youtube wp-embed-aspect-16-9 wp-has-aspect-ratio\"><div class=\"wp-block-embed__wrapper\">\n<iframe title=\"AT3E: une approche de formation professionnelle pour la polyvalence des apprenant-e-s\" width=\"800\" height=\"450\" src=\"https:\/\/www.youtube.com\/embed\/l0N4GzUHqNc?list=PLqEuu66jLY3PPPk8QMRO81bPS3uJQqG1X\" frameborder=\"0\" allow=\"accelerometer; autoplay; clipboard-write; encrypted-media; gyroscope; picture-in-picture; web-share\" referrerpolicy=\"strict-origin-when-cross-origin\" allowfullscreen><\/iframe>\n<\/div><\/figure>\n\n<p><\/p>\n","protected":false},"excerpt":{"rendered":"<p>As part of the &#8220;Promotion de l&#8217;acc\u00e8s des filles et des femmes \u00e0 un Syst\u00e8me Educatif et de Formation Professionnelle de qualit\u00e9 (PROMESSE-FP)&#8221; project, the vocational training offered was based on the AT3E approach (Apprenticeship, ICT, Entrepreneurship and Financial Education for Employment). This is a training offer that takes into account apprenticeship in trades identified [&hellip;]<\/p>\n","protected":false},"author":4,"featured_media":39136,"comment_status":"closed","ping_status":"closed","sticky":false,"template":"","format":"video","meta":{"_seopress_robots_primary_cat":"","_seopress_titles_title":"","_seopress_titles_desc":"","_seopress_robots_index":"","footnotes":""},"categories":[1,292,210],"domaine":[309,308,322,307],"approche":[],"class_list":{"0":"post-39134","1":"post","2":"type-post","3":"status-publish","4":"format-video","5":"has-post-thumbnail","7":"category-non-categorise","8":"category-resources","9":"category-ressources","10":"post_format-post-format-video","11":"domaine-decent-work","12":"domaine-training-and-professional-integration-of-young-people","13":"domaine-type","14":"domaine-womens-economic-empowerment"},"_links":{"self":[{"href":"https:\/\/www.solidarburkina.bf\/en\/wp-json\/wp\/v2\/posts\/39134","targetHints":{"allow":["GET"]}}],"collection":[{"href":"https:\/\/www.solidarburkina.bf\/en\/wp-json\/wp\/v2\/posts"}],"about":[{"href":"https:\/\/www.solidarburkina.bf\/en\/wp-json\/wp\/v2\/types\/post"}],"author":[{"embeddable":true,"href":"https:\/\/www.solidarburkina.bf\/en\/wp-json\/wp\/v2\/users\/4"}],"replies":[{"embeddable":true,"href":"https:\/\/www.solidarburkina.bf\/en\/wp-json\/wp\/v2\/comments?post=39134"}],"version-history":[{"count":1,"href":"https:\/\/www.solidarburkina.bf\/en\/wp-json\/wp\/v2\/posts\/39134\/revisions"}],"predecessor-version":[{"id":39139,"href":"https:\/\/www.solidarburkina.bf\/en\/wp-json\/wp\/v2\/posts\/39134\/revisions\/39139"}],"wp:featuredmedia":[{"embeddable":true,"href":"https:\/\/www.solidarburkina.bf\/en\/wp-json\/wp\/v2\/media\/39136"}],"wp:attachment":[{"href":"https:\/\/www.solidarburkina.bf\/en\/wp-json\/wp\/v2\/media?parent=39134"}],"wp:term":[{"taxonomy":"category","embeddable":true,"href":"https:\/\/www.solidarburkina.bf\/en\/wp-json\/wp\/v2\/categories?post=39134"},{"taxonomy":"domaine","embeddable":true,"href":"https:\/\/www.solidarburkina.bf\/en\/wp-json\/wp\/v2\/domaine?post=39134"},{"taxonomy":"approche","embeddable":true,"href":"https:\/\/www.solidarburkina.bf\/en\/wp-json\/wp\/v2\/approche?post=39134"}],"curies":[{"name":"wp","href":"https:\/\/api.w.org\/{rel}","templated":true}]}}