{"id":39135,"date":"2024-12-03T17:55:10","date_gmt":"2024-12-03T17:55:10","guid":{"rendered":"https:\/\/www.solidarburkina.bf\/journee-regionale-des-communautes-de-la-region-du-nord-rtb-report\/"},"modified":"2026-01-21T10:11:55","modified_gmt":"2026-01-21T10:11:55","slug":"journee-regionale-des-communautes-de-la-region-du-nord-rtb-report","status":"publish","type":"post","link":"https:\/\/www.solidarburkina.bf\/en\/journee-regionale-des-communautes-de-la-region-du-nord-rtb-report\/","title":{"rendered":"Journ\u00e9e r\u00e9gionale des communaut\u00e9s de la r\u00e9gion du Nord, RTB Report"},"content":{"rendered":"\n<p>&#8220;<strong>The populations of the project&#8217;s intervention regions live in an environment of peace and social cohesion, thanks to concerted management of shared resources, intra\/inter-community dialogue and the strengthening of local governance&#8221;<\/strong> is one of the RESICOM project&#8217;s priorities. Following the 1st and 2nd editions of the regional community day held in the Boucle du Mouhoun region, the 3rd edition was also well received by the populations of the Nord region. This 3rd edition, marked by several activities, was held on November 22 and 23, 2024 in the towns of Gourcy and Ouahigouya.  <\/p>\n\n<figure class=\"wp-block-embed is-type-video is-provider-youtube wp-block-embed-youtube wp-embed-aspect-16-9 wp-has-aspect-ratio\"><div class=\"wp-block-embed__wrapper\">\n<iframe title=\"Journ\u00e9e des communaut\u00e9s RESICOM Nord, Reportage RTB\" width=\"800\" height=\"450\" src=\"https:\/\/www.youtube.com\/embed\/-n7keBoEkLI?feature=oembed\" frameborder=\"0\" allow=\"accelerometer; autoplay; clipboard-write; encrypted-media; gyroscope; picture-in-picture; web-share\" referrerpolicy=\"strict-origin-when-cross-origin\" allowfullscreen><\/iframe>\n<\/div><\/figure>\n","protected":false},"excerpt":{"rendered":"<p>&#8220;The populations of the project&#8217;s intervention regions live in an environment of peace and social cohesion, thanks to concerted management of shared resources, intra\/inter-community dialogue and the strengthening of local governance&#8221; is one of the RESICOM project&#8217;s priorities. Following the 1st and 2nd editions of the regional community day held in the Boucle du Mouhoun [&hellip;]<\/p>\n","protected":false},"author":4,"featured_media":39137,"comment_status":"closed","ping_status":"closed","sticky":false,"template":"","format":"video","meta":{"_seopress_robots_primary_cat":"","_seopress_titles_title":"","_seopress_titles_desc":"","_seopress_robots_index":"","footnotes":""},"categories":[1,305,210],"domaine":[321,289],"approche":[],"class_list":{"0":"post-39135","1":"post","2":"type-post","3":"status-publish","4":"format-video","5":"has-post-thumbnail","7":"category-non-categorise","8":"category-press-review","9":"category-ressources","10":"post_format-post-format-video","11":"domaine-nexus","12":"domaine-peace-and-social-cohesion"},"_links":{"self":[{"href":"https:\/\/www.solidarburkina.bf\/en\/wp-json\/wp\/v2\/posts\/39135","targetHints":{"allow":["GET"]}}],"collection":[{"href":"https:\/\/www.solidarburkina.bf\/en\/wp-json\/wp\/v2\/posts"}],"about":[{"href":"https:\/\/www.solidarburkina.bf\/en\/wp-json\/wp\/v2\/types\/post"}],"author":[{"embeddable":true,"href":"https:\/\/www.solidarburkina.bf\/en\/wp-json\/wp\/v2\/users\/4"}],"replies":[{"embeddable":true,"href":"https:\/\/www.solidarburkina.bf\/en\/wp-json\/wp\/v2\/comments?post=39135"}],"version-history":[{"count":1,"href":"https:\/\/www.solidarburkina.bf\/en\/wp-json\/wp\/v2\/posts\/39135\/revisions"}],"predecessor-version":[{"id":39138,"href":"https:\/\/www.solidarburkina.bf\/en\/wp-json\/wp\/v2\/posts\/39135\/revisions\/39138"}],"wp:featuredmedia":[{"embeddable":true,"href":"https:\/\/www.solidarburkina.bf\/en\/wp-json\/wp\/v2\/media\/39137"}],"wp:attachment":[{"href":"https:\/\/www.solidarburkina.bf\/en\/wp-json\/wp\/v2\/media?parent=39135"}],"wp:term":[{"taxonomy":"category","embeddable":true,"href":"https:\/\/www.solidarburkina.bf\/en\/wp-json\/wp\/v2\/categories?post=39135"},{"taxonomy":"domaine","embeddable":true,"href":"https:\/\/www.solidarburkina.bf\/en\/wp-json\/wp\/v2\/domaine?post=39135"},{"taxonomy":"approche","embeddable":true,"href":"https:\/\/www.solidarburkina.bf\/en\/wp-json\/wp\/v2\/approche?post=39135"}],"curies":[{"name":"wp","href":"https:\/\/api.w.org\/{rel}","templated":true}]}}