{"id":39141,"date":"2025-01-17T11:11:22","date_gmt":"2025-01-17T11:11:22","guid":{"rendered":"https:\/\/www.solidarburkina.bf\/bf1-tv-report-promesse-fp-assessment-workshop\/"},"modified":"2026-01-21T10:12:00","modified_gmt":"2026-01-21T10:12:00","slug":"bf1-tv-report-promesse-fp-assessment-workshop","status":"publish","type":"post","link":"https:\/\/www.solidarburkina.bf\/en\/bf1-tv-report-promesse-fp-assessment-workshop\/","title":{"rendered":"BF1 TV report, PROMESSE FP assessment workshop"},"content":{"rendered":"\n<p>Improving the employability of girls and women: PROMESSE-FP keeps its promise, with over 19,000 girls and women benefiting from vocational training. On December 05, 2024, an evaluation meeting was held in Ouagadougou with the stakeholders of the &#8220;Promotion de l&#8217;acc\u00e8s des filles et des femmes \u00e0 un syst\u00e8me \u00e9ducatif et de formation professionnelle de qualit\u00e9 (PROMESSE-FP)&#8221; project at national level. Previously held in the Eastern, Central-Northern and Northern regions, this meeting, intended as a framework for accountability, presented the main results and lessons learned over the project&#8217;s 04 years of implementation. Back to the BF1 television report.     <\/p>\n\n<figure class=\"wp-block-embed is-type-video is-provider-youtube wp-block-embed-youtube wp-embed-aspect-16-9 wp-has-aspect-ratio\"><div class=\"wp-block-embed__wrapper\">\n<iframe title=\"Reportage t\u00e9l\u00e9 BF1 Atelier Bilan PROMESSE FP\" width=\"800\" height=\"450\" src=\"https:\/\/www.youtube.com\/embed\/ZOQ94-i4HI0?feature=oembed\" frameborder=\"0\" allow=\"accelerometer; autoplay; clipboard-write; encrypted-media; gyroscope; picture-in-picture; web-share\" referrerpolicy=\"strict-origin-when-cross-origin\" allowfullscreen><\/iframe>\n<\/div><\/figure>\n","protected":false},"excerpt":{"rendered":"<p>Improving the employability of girls and women: PROMESSE-FP keeps its promise, with over 19,000 girls and women benefiting from vocational training. On December 05, 2024, an evaluation meeting was held in Ouagadougou with the stakeholders of the &#8220;Promotion de l&#8217;acc\u00e8s des filles et des femmes \u00e0 un syst\u00e8me \u00e9ducatif et de formation professionnelle de qualit\u00e9 [&hellip;]<\/p>\n","protected":false},"author":4,"featured_media":39143,"comment_status":"closed","ping_status":"closed","sticky":false,"template":"","format":"video","meta":{"_seopress_robots_primary_cat":"","_seopress_titles_title":"","_seopress_titles_desc":"","_seopress_robots_index":"","footnotes":""},"categories":[1,305,94],"domaine":[309,308,322,307],"approche":[],"class_list":{"0":"post-39141","1":"post","2":"type-post","3":"status-publish","4":"format-video","5":"has-post-thumbnail","7":"category-non-categorise","8":"category-press-review","9":"category-revue-de-presse","10":"post_format-post-format-video","11":"domaine-decent-work","12":"domaine-training-and-professional-integration-of-young-people","13":"domaine-type","14":"domaine-womens-economic-empowerment"},"_links":{"self":[{"href":"https:\/\/www.solidarburkina.bf\/en\/wp-json\/wp\/v2\/posts\/39141","targetHints":{"allow":["GET"]}}],"collection":[{"href":"https:\/\/www.solidarburkina.bf\/en\/wp-json\/wp\/v2\/posts"}],"about":[{"href":"https:\/\/www.solidarburkina.bf\/en\/wp-json\/wp\/v2\/types\/post"}],"author":[{"embeddable":true,"href":"https:\/\/www.solidarburkina.bf\/en\/wp-json\/wp\/v2\/users\/4"}],"replies":[{"embeddable":true,"href":"https:\/\/www.solidarburkina.bf\/en\/wp-json\/wp\/v2\/comments?post=39141"}],"version-history":[{"count":1,"href":"https:\/\/www.solidarburkina.bf\/en\/wp-json\/wp\/v2\/posts\/39141\/revisions"}],"predecessor-version":[{"id":39144,"href":"https:\/\/www.solidarburkina.bf\/en\/wp-json\/wp\/v2\/posts\/39141\/revisions\/39144"}],"wp:featuredmedia":[{"embeddable":true,"href":"https:\/\/www.solidarburkina.bf\/en\/wp-json\/wp\/v2\/media\/39143"}],"wp:attachment":[{"href":"https:\/\/www.solidarburkina.bf\/en\/wp-json\/wp\/v2\/media?parent=39141"}],"wp:term":[{"taxonomy":"category","embeddable":true,"href":"https:\/\/www.solidarburkina.bf\/en\/wp-json\/wp\/v2\/categories?post=39141"},{"taxonomy":"domaine","embeddable":true,"href":"https:\/\/www.solidarburkina.bf\/en\/wp-json\/wp\/v2\/domaine?post=39141"},{"taxonomy":"approche","embeddable":true,"href":"https:\/\/www.solidarburkina.bf\/en\/wp-json\/wp\/v2\/approche?post=39141"}],"curies":[{"name":"wp","href":"https:\/\/api.w.org\/{rel}","templated":true}]}}