{"id":39160,"date":"2024-11-25T12:21:44","date_gmt":"2024-11-25T12:21:44","guid":{"rendered":"https:\/\/www.solidarburkina.bf\/journee-regionale-des-communautes-de-la-region-du-nord-the-resicom-project-advocates-social-cohesion-and-the-peaceful-management-of-shared-natural-resources\/"},"modified":"2026-01-21T10:11:55","modified_gmt":"2026-01-21T10:11:55","slug":"journee-regionale-des-communautes-de-la-region-du-nord-the-resicom-project-advocates-social-cohesion-and-the-peaceful-management-of-shared-natural-resources","status":"publish","type":"post","link":"https:\/\/www.solidarburkina.bf\/en\/journee-regionale-des-communautes-de-la-region-du-nord-the-resicom-project-advocates-social-cohesion-and-the-peaceful-management-of-shared-natural-resources\/","title":{"rendered":"Journ\u00e9e r\u00e9gionale des communaut\u00e9s de la r\u00e9gion du Nord: the RESICOM project advocates social cohesion and the peaceful management of shared natural resources"},"content":{"rendered":"\n<p>&#8220;<strong>The populations of the project&#8217;s intervention regions live in an environment of peace and social cohesion, thanks to concerted management of shared resources, intra\/inter-community dialogue and the strengthening of local governance&#8221;<\/strong> is one of the RESICOM project&#8217;s priorities. Following the 1st and 2nd editions of the regional community day held in the Boucle du Mouhoun region, the 3rd edition was also well received by the populations of the Nord region. This 3rd edition, marked by several activities, was held on November 22 and 23, 2024 in the towns of Gourcy and Ouahigouya.  <\/p>\n\n<p>The first day, November 22, saw a radio program on endogenous strategies for resolving land-related conflicts and recommendations for strengthening social cohesion within beneficiary communities, held in the morning at the Radio la Voix du Paysan studio. Taking part in the program were the RESCIOM project manager for the northern region, 02 RESICOM beneficiaries and a human rights specialist. <\/p>\n\n<figure class=\"wp-block-image size-large\"><img fetchpriority=\"high\" decoding=\"async\" width=\"1024\" height=\"683\" src=\"https:\/\/www.solidarburkina.bf\/wp-content\/uploads\/1-24-1024x683.jpg\" alt=\"\" class=\"wp-image-22236\" srcset=\"https:\/\/www.solidarburkina.bf\/wp-content\/uploads\/1-24-1024x683.jpg 1024w, https:\/\/www.solidarburkina.bf\/wp-content\/uploads\/1-24-300x200.jpg 300w, https:\/\/www.solidarburkina.bf\/wp-content\/uploads\/1-24-150x100.jpg 150w, https:\/\/www.solidarburkina.bf\/wp-content\/uploads\/1-24-768x512.jpg 768w, https:\/\/www.solidarburkina.bf\/wp-content\/uploads\/1-24-1536x1024.jpg 1536w, https:\/\/www.solidarburkina.bf\/wp-content\/uploads\/1-24-scaled.jpg 2048w, https:\/\/www.solidarburkina.bf\/wp-content\/uploads\/1-24-240x160.jpg 240w, https:\/\/www.solidarburkina.bf\/wp-content\/uploads\/1-24-160x107.jpg 160w, https:\/\/www.solidarburkina.bf\/wp-content\/uploads\/1-24-120x80.jpg 120w, https:\/\/www.solidarburkina.bf\/wp-content\/uploads\/1-24-80x53.jpg 80w, https:\/\/www.solidarburkina.bf\/wp-content\/uploads\/1-24-1320x880.jpg 1320w\" sizes=\"(max-width: 1024px) 100vw, 1024px\" \/><\/figure>\n\n<p>\ud835\uddd8\ud835\uddfa\ud835\uddf6\ud835\ude00\ud835\ude00\ud835\uddf6\ud835\uddfc\ud835\uddfb \ud835\uddff\ud835\uddee\ud835\uddf1\ud835\uddf6\ud835\uddfc\ud835\uddfd\ud835\uddf5\ud835\uddfc\ud835\uddfb\ud835\uddf6\ud835\uddfe\ud835\ude02\ud835\uddf2 \ud835\uddf1\ud835\uddf2 \ud835\ude03\ud835\ude02\ud835\uddf9\ud835\uddf4\ud835\uddee\ud835\uddff\ud835\uddf6\ud835\ude00\ud835\uddee\ud835\ude01\ud835\uddf6\ud835\uddfc\ud835\uddfb \ud835\uddf1\ud835\uddf2\ud835\ude00 \ud835\uddfa\ud835\uddf2\u0301\ud835\uddf0\ud835\uddee\ud835\uddfb\ud835\uddf6\ud835\ude00\ud835\uddfa\ud835\uddf2\ud835\ude00 \ud835\uddf2\ud835\uddfb\ud835\uddf1\ud835\uddfc\ud835\uddf4\ud835\uddf2\u0300\ud835\uddfb\ud835\uddf2\ud835\ude00 \ud835\uddf1\ud835\uddf2 \ud835\uddff\ud835\uddf2\u0301\ud835\ude00\ud835\uddfc\ud835\uddf9\ud835\ude02\ud835\ude01\ud835\uddf6\ud835\uddfc\ud835\uddfb \ud835\uddf1\ud835\uddf2\ud835\ude00 \ud835\uddf0\ud835\uddfc\ud835\uddfb\ud835\uddf3\ud835\uddf9\ud835\uddf6\ud835\ude01\ud835\ude00 \ud835\uddf9\ud835\uddf6\ud835\uddf2\u0301\ud835\ude00 <strong>\u00e0 <\/strong>\ud835\uddf9\ud835\uddee \ud835\ude01\ud835\uddf2\ud835\uddff\ud835\uddff\ud835\uddf2 \ud835\uddf2\ud835\ude01<strong>\ud835\uddff\ud835\uddf2\ud835\uddf0\ud835\uddfc\ud835\uddfa\ud835\uddfa\ud835\uddee\ud835\uddfb\ud835\uddf1\ud835\uddee\ud835\ude01\ud835\uddf6\ud835\uddfc\ud835\uddfbs<\/strong> \ud835\uddfd\ud835\uddfc\ud835\ude02\ud835\uddff \ud835\uddf9\ud835\uddf2 \ud835\uddff\ud835\uddf2\ud835\uddfb\ud835\uddf3\ud835\uddfc\ud835\uddff\ud835\uddf0\ud835\uddf2\ud835\uddfa\ud835\uddf2\ud835\uddfb\ud835\ude01 \ud835\uddf1\ud835\uddf2 \ud835\uddf9\ud835\uddee \ud835\uddf0\ud835\uddfc\ud835\uddf5\ud835\uddf2\u0301\ud835\ude00\ud835\uddf6\ud835\uddfc\ud835\uddfb \ud835\ude00\ud835\uddfc\ud835\uddf0\ud835\uddf6\ud835\uddee\ud835\uddf9\ud835\uddf2 \ud835\uddee\ud835\ude02 \ud835\ude00\ud835\uddf2\ud835\uddf6\ud835\uddfb \ud835\uddf1\ud835\uddf2\ud835\ude00 \ud835\uddf0\ud835\uddfc\ud835\uddfa\ud835\uddfa\ud835\ude02\ud835\uddfb\ud835\uddee\ud835\ude02\ud835\ude01\ud835\uddf2\u0301\ud835\ude00 \ud835\uddef\ud835\uddf2\u0301\ud835\uddfb\ud835\uddf2\u0301\ud835\uddf3\ud835\uddf6\ud835\uddf0\ud835\uddf6\ud835\uddee\ud835\uddf6\ud835\uddff\ud835\uddf2\ud835\ude00<\/p>\n\n<p>This was followed by an atypical match called the &#8220;Peace Match&#8221; between two villages benefiting from RESICOM project interventions, Maco and Minima. This match was held in the afternoon on the Place de la Nation in the commune of Gourcy under the chairmanship of the High Commissioner of the Zodoma province. (This type of activity contributes to social cohesion, and given the mobilization, the objective of mixing communities was achieved. I thank the NGO Solidar Suisse for this initiative, which contributes to the government&#8217;s efforts to restore peace in our communities.&#8221;  <\/p>\n\n<figure class=\"wp-block-image size-large\"><img decoding=\"async\" width=\"1024\" height=\"683\" src=\"https:\/\/www.solidarburkina.bf\/wp-content\/uploads\/8-9-1024x683.jpg\" alt=\"\" class=\"wp-image-22237\" srcset=\"https:\/\/www.solidarburkina.bf\/wp-content\/uploads\/8-9-1024x683.jpg 1024w, https:\/\/www.solidarburkina.bf\/wp-content\/uploads\/8-9-300x200.jpg 300w, https:\/\/www.solidarburkina.bf\/wp-content\/uploads\/8-9-150x100.jpg 150w, https:\/\/www.solidarburkina.bf\/wp-content\/uploads\/8-9-768x512.jpg 768w, https:\/\/www.solidarburkina.bf\/wp-content\/uploads\/8-9-1536x1024.jpg 1536w, https:\/\/www.solidarburkina.bf\/wp-content\/uploads\/8-9-scaled.jpg 2048w, https:\/\/www.solidarburkina.bf\/wp-content\/uploads\/8-9-240x160.jpg 240w, https:\/\/www.solidarburkina.bf\/wp-content\/uploads\/8-9-160x107.jpg 160w, https:\/\/www.solidarburkina.bf\/wp-content\/uploads\/8-9-120x80.jpg 120w, https:\/\/www.solidarburkina.bf\/wp-content\/uploads\/8-9-80x53.jpg 80w, https:\/\/www.solidarburkina.bf\/wp-content\/uploads\/8-9-1320x880.jpg 1320w\" sizes=\"(max-width: 1024px) 100vw, 1024px\" \/><\/figure>\n\n<p class=\"has-text-align-center\"><strong>Family photo of the two equiques with officials<\/strong><\/p>\n\n<p><strong>Read the Lefaso.net report here: https: <a href=\"https:\/\/lefaso.net\/spip.php?article134364\">\/\/lefaso.net\/spip.php?article134364<\/a><\/strong><\/p>\n\n<p>The day of November 22 ended with a Participatory Theater on conflict sensitivity linked to the identification of the beneficiaries of RESICOM project interventions in the intervention villages. This participatory framework enabled the audience to interact and suggest possible solutions to the issues raised. At the end of the first day, Mr. Blaise SOME, RESICOM Project Manager, expressed his satisfaction with the high level of participation in both the soccer pitch and the forum theater. In his opinion, the message of social cohesion had been well conveyed, given the enthusiasm and the various interactions.   <\/p>\n\n<figure class=\"wp-block-image size-large\"><img decoding=\"async\" width=\"1024\" height=\"559\" src=\"https:\/\/www.solidarburkina.bf\/wp-content\/uploads\/9-7-1024x559.jpg\" alt=\"\" class=\"wp-image-22238\" srcset=\"https:\/\/www.solidarburkina.bf\/wp-content\/uploads\/9-7-1024x559.jpg 1024w, https:\/\/www.solidarburkina.bf\/wp-content\/uploads\/9-7-300x164.jpg 300w, https:\/\/www.solidarburkina.bf\/wp-content\/uploads\/9-7-150x82.jpg 150w, https:\/\/www.solidarburkina.bf\/wp-content\/uploads\/9-7-768x419.jpg 768w, https:\/\/www.solidarburkina.bf\/wp-content\/uploads\/9-7-1536x838.jpg 1536w, https:\/\/www.solidarburkina.bf\/wp-content\/uploads\/9-7-scaled.jpg 2048w, https:\/\/www.solidarburkina.bf\/wp-content\/uploads\/9-7-293x160.jpg 293w, https:\/\/www.solidarburkina.bf\/wp-content\/uploads\/9-7-160x87.jpg 160w, https:\/\/www.solidarburkina.bf\/wp-content\/uploads\/9-7-147x80.jpg 147w, https:\/\/www.solidarburkina.bf\/wp-content\/uploads\/9-7-80x44.jpg 80w, https:\/\/www.solidarburkina.bf\/wp-content\/uploads\/9-7-1320x720.jpg 1320w\" sizes=\"(max-width: 1024px) 100vw, 1024px\" \/><\/figure>\n\n<p class=\"has-text-align-center\"><strong>Participatory theater draws a crowd  <\/strong><\/p>\n\n<p><strong>Day 02: an experience-sharing fair <\/strong><strong>on endogenous mechanisms for conflict management<\/strong><strong> <\/strong><strong>and a forum to showcase the achievements of the RESICOM project through an exhibition of<\/strong><strong> agroforestry products from beneficiaries in the Nord region<\/strong><strong><\/strong><\/p>\n\n<figure class=\"wp-block-image size-large\"><img loading=\"lazy\" decoding=\"async\" width=\"1024\" height=\"683\" src=\"https:\/\/www.solidarburkina.bf\/wp-content\/uploads\/2-13-1024x683.jpg\" alt=\"\" class=\"wp-image-22239\" srcset=\"https:\/\/www.solidarburkina.bf\/wp-content\/uploads\/2-13-1024x683.jpg 1024w, https:\/\/www.solidarburkina.bf\/wp-content\/uploads\/2-13-300x200.jpg 300w, https:\/\/www.solidarburkina.bf\/wp-content\/uploads\/2-13-150x100.jpg 150w, https:\/\/www.solidarburkina.bf\/wp-content\/uploads\/2-13-768x512.jpg 768w, https:\/\/www.solidarburkina.bf\/wp-content\/uploads\/2-13-1536x1024.jpg 1536w, https:\/\/www.solidarburkina.bf\/wp-content\/uploads\/2-13-scaled.jpg 2048w, https:\/\/www.solidarburkina.bf\/wp-content\/uploads\/2-13-240x160.jpg 240w, https:\/\/www.solidarburkina.bf\/wp-content\/uploads\/2-13-160x107.jpg 160w, https:\/\/www.solidarburkina.bf\/wp-content\/uploads\/2-13-120x80.jpg 120w, https:\/\/www.solidarburkina.bf\/wp-content\/uploads\/2-13-80x53.jpg 80w, https:\/\/www.solidarburkina.bf\/wp-content\/uploads\/2-13-1320x880.jpg 1320w\" sizes=\"(max-width: 1024px) 100vw, 1024px\" \/><\/figure>\n\n<p class=\"has-text-align-center\"><strong><em>The official stand at the fair<\/em><\/strong><\/p>\n\n<p>The November 23 event provided an opportunity to share experiences on endogenous conflict management mechanisms, as well as to showcase the RESICOM project&#8217;s achievements through an exhibition of beneficiaries&#8217; agroforestry production in the northern region. Chaired by the Governor of the northern region, represented by the High Commissioner of the Yatenga province, Mr <strong>. Tass\u00e9r\u00e9 NACOULMA<\/strong>, the fair brought together various stakeholders: regional administrative authorities, local authorities, customary and religious authorities, civil society organizations, implementing partners and, for the most part, beneficiaries from the various project villages (Oula, Gourcy, Rambo, Namissiguima, Bokin, Bassi, L\u00e8ba). <\/p>\n\n<p><strong><br\/>Here are a few testimonials<\/strong><strong><\/strong><\/p>\n\n<figure class=\"wp-block-image size-large\"><img loading=\"lazy\" decoding=\"async\" width=\"1024\" height=\"683\" src=\"https:\/\/www.solidarburkina.bf\/wp-content\/uploads\/13-2-1024x683.jpg\" alt=\"\" class=\"wp-image-22240\" srcset=\"https:\/\/www.solidarburkina.bf\/wp-content\/uploads\/13-2-1024x683.jpg 1024w, https:\/\/www.solidarburkina.bf\/wp-content\/uploads\/13-2-300x200.jpg 300w, https:\/\/www.solidarburkina.bf\/wp-content\/uploads\/13-2-150x100.jpg 150w, https:\/\/www.solidarburkina.bf\/wp-content\/uploads\/13-2-768x512.jpg 768w, https:\/\/www.solidarburkina.bf\/wp-content\/uploads\/13-2-1536x1024.jpg 1536w, https:\/\/www.solidarburkina.bf\/wp-content\/uploads\/13-2-scaled.jpg 2048w, https:\/\/www.solidarburkina.bf\/wp-content\/uploads\/13-2-240x160.jpg 240w, https:\/\/www.solidarburkina.bf\/wp-content\/uploads\/13-2-160x107.jpg 160w, https:\/\/www.solidarburkina.bf\/wp-content\/uploads\/13-2-120x80.jpg 120w, https:\/\/www.solidarburkina.bf\/wp-content\/uploads\/13-2-80x53.jpg 80w, https:\/\/www.solidarburkina.bf\/wp-content\/uploads\/13-2-1320x880.jpg 1320w\" sizes=\"(max-width: 1024px) 100vw, 1024px\" \/><\/figure>\n\n<p><strong>Mr. Tass\u00e9r\u00e9 NACOULMA<\/strong>, <strong>High Commissioner of the Yatenga province<\/strong>: &#8220;In the context of the security and food crisis that our country is going through, social cohesion is a cross-cutting theme that must be taken into account in our interventions to promote living together in our communities. I would like to thank all those involved in the RESICOM project for promoting social cohesion in its areas of intervention. I invite the population to adhere to the approach and prioritize living together when a conflict situation arises.  <\/p>\n\n<figure class=\"wp-block-image size-large\"><img loading=\"lazy\" decoding=\"async\" width=\"1024\" height=\"683\" src=\"https:\/\/www.solidarburkina.bf\/wp-content\/uploads\/14-1-1024x683.jpg\" alt=\"\" class=\"wp-image-22241\" srcset=\"https:\/\/www.solidarburkina.bf\/wp-content\/uploads\/14-1-1024x683.jpg 1024w, https:\/\/www.solidarburkina.bf\/wp-content\/uploads\/14-1-300x200.jpg 300w, https:\/\/www.solidarburkina.bf\/wp-content\/uploads\/14-1-150x100.jpg 150w, https:\/\/www.solidarburkina.bf\/wp-content\/uploads\/14-1-768x512.jpg 768w, https:\/\/www.solidarburkina.bf\/wp-content\/uploads\/14-1-1536x1024.jpg 1536w, https:\/\/www.solidarburkina.bf\/wp-content\/uploads\/14-1-scaled.jpg 2048w, https:\/\/www.solidarburkina.bf\/wp-content\/uploads\/14-1-240x160.jpg 240w, https:\/\/www.solidarburkina.bf\/wp-content\/uploads\/14-1-160x107.jpg 160w, https:\/\/www.solidarburkina.bf\/wp-content\/uploads\/14-1-120x80.jpg 120w, https:\/\/www.solidarburkina.bf\/wp-content\/uploads\/14-1-80x53.jpg 80w, https:\/\/www.solidarburkina.bf\/wp-content\/uploads\/14-1-1320x880.jpg 1320w\" sizes=\"(max-width: 1024px) 100vw, 1024px\" \/><\/figure>\n\n<p><strong>Mr. Blaise SOME, RESICOM Project Manager<\/strong>, &#8220;Social cohesion is one of the priorities of the RESICOM project, with a view to promoting peaceful management of shared natural resources. In addition to this Regional Community Day, the project has strengthened beneficiaries&#8217; capacities in endogenous conflict management mechanisms, which this meeting has highlighted through various testimonials. I invite all resource persons to support this approach, which will help to perpetuate the project&#8217;s achievements. &#8221;     <\/p>\n\n<figure class=\"wp-block-image size-large\"><img loading=\"lazy\" decoding=\"async\" width=\"1024\" height=\"683\" src=\"https:\/\/www.solidarburkina.bf\/wp-content\/uploads\/15-1-1024x683.jpg\" alt=\"\" class=\"wp-image-22242\" srcset=\"https:\/\/www.solidarburkina.bf\/wp-content\/uploads\/15-1-1024x683.jpg 1024w, https:\/\/www.solidarburkina.bf\/wp-content\/uploads\/15-1-300x200.jpg 300w, https:\/\/www.solidarburkina.bf\/wp-content\/uploads\/15-1-150x100.jpg 150w, https:\/\/www.solidarburkina.bf\/wp-content\/uploads\/15-1-768x512.jpg 768w, https:\/\/www.solidarburkina.bf\/wp-content\/uploads\/15-1-1536x1024.jpg 1536w, https:\/\/www.solidarburkina.bf\/wp-content\/uploads\/15-1-scaled.jpg 2048w, https:\/\/www.solidarburkina.bf\/wp-content\/uploads\/15-1-240x160.jpg 240w, https:\/\/www.solidarburkina.bf\/wp-content\/uploads\/15-1-160x107.jpg 160w, https:\/\/www.solidarburkina.bf\/wp-content\/uploads\/15-1-120x80.jpg 120w, https:\/\/www.solidarburkina.bf\/wp-content\/uploads\/15-1-80x53.jpg 80w, https:\/\/www.solidarburkina.bf\/wp-content\/uploads\/15-1-1320x880.jpg 1320w\" sizes=\"(max-width: 1024px) 100vw, 1024px\" \/><\/figure>\n\n<p><strong>Mr. Nebnooma SAWADOGO,<\/strong> President of FEPAB, a local partner in the implementation of the RESICOM project, &#8220;invited the beneficiaries present at the meeting to be models and vectors of the message of social cohesion promoted through the various activities that marked this 1st edition of the regional day of the communities of the northern region&#8221;.<\/p>\n\n<figure class=\"wp-block-image size-large\"><img loading=\"lazy\" decoding=\"async\" width=\"1024\" height=\"683\" src=\"https:\/\/www.solidarburkina.bf\/wp-content\/uploads\/12-2-1024x683.jpg\" alt=\"\" class=\"wp-image-22243\" srcset=\"https:\/\/www.solidarburkina.bf\/wp-content\/uploads\/12-2-1024x683.jpg 1024w, https:\/\/www.solidarburkina.bf\/wp-content\/uploads\/12-2-300x200.jpg 300w, https:\/\/www.solidarburkina.bf\/wp-content\/uploads\/12-2-150x100.jpg 150w, https:\/\/www.solidarburkina.bf\/wp-content\/uploads\/12-2-768x512.jpg 768w, https:\/\/www.solidarburkina.bf\/wp-content\/uploads\/12-2-1536x1024.jpg 1536w, https:\/\/www.solidarburkina.bf\/wp-content\/uploads\/12-2-scaled.jpg 2048w, https:\/\/www.solidarburkina.bf\/wp-content\/uploads\/12-2-240x160.jpg 240w, https:\/\/www.solidarburkina.bf\/wp-content\/uploads\/12-2-160x107.jpg 160w, https:\/\/www.solidarburkina.bf\/wp-content\/uploads\/12-2-120x80.jpg 120w, https:\/\/www.solidarburkina.bf\/wp-content\/uploads\/12-2-80x53.jpg 80w, https:\/\/www.solidarburkina.bf\/wp-content\/uploads\/12-2-1320x880.jpg 1320w\" sizes=\"(max-width: 1024px) 100vw, 1024px\" \/><\/figure>\n\n<p><strong>Mrs. Fatimata SAWADOGO<\/strong>, a beneficiary from the commune of Oula, invited the population to prioritize social cohesion to facilitate the actions of the project, which contributes to improving the living conditions of vulnerable people. In her opinion, not everyone can benefit from project support, and the selection process for beneficiaries must be rigorous. <\/p>\n\n<p><strong>Read the Lefaso.net report here: <\/strong><strong><a href=\"https:\/\/lefaso.net\/spip.php?article134441\">https:\/\/lefaso.net\/spip.php?article134441<\/a><\/strong><strong><\/strong><\/p>\n\n<p><strong>See the RTB and BF1 TV reports below:  <\/strong><\/p>\n\n<figure class=\"wp-block-embed is-type-video is-provider-youtube wp-block-embed-youtube wp-embed-aspect-16-9 wp-has-aspect-ratio\"><div class=\"wp-block-embed__wrapper\">\n<iframe title=\"Journ\u00e9e Communaut\u00e9s RESICOM Nord Reportage BF1\" width=\"800\" height=\"450\" src=\"https:\/\/www.youtube.com\/embed\/bN0pUpDP-2A?feature=oembed\" frameborder=\"0\" allow=\"accelerometer; autoplay; clipboard-write; encrypted-media; gyroscope; picture-in-picture; web-share\" referrerpolicy=\"strict-origin-when-cross-origin\" allowfullscreen><\/iframe>\n<\/div><\/figure>\n\n<p><\/p>\n\n<figure class=\"wp-block-embed is-type-video is-provider-youtube wp-block-embed-youtube wp-embed-aspect-16-9 wp-has-aspect-ratio\"><div class=\"wp-block-embed__wrapper\">\n<iframe title=\"Journ\u00e9e des communaut\u00e9s RESICOM Nord, Reportage RTB\" width=\"800\" height=\"450\" src=\"https:\/\/www.youtube.com\/embed\/-n7keBoEkLI?feature=oembed\" frameborder=\"0\" allow=\"accelerometer; autoplay; clipboard-write; encrypted-media; gyroscope; picture-in-picture; web-share\" referrerpolicy=\"strict-origin-when-cross-origin\" allowfullscreen><\/iframe>\n<\/div><\/figure>\n","protected":false},"excerpt":{"rendered":"<p>&#8220;The populations of the project&#8217;s intervention regions live in an environment of peace and social cohesion, thanks to concerted management of shared resources, intra\/inter-community dialogue and the strengthening of local governance&#8221; is one of the RESICOM project&#8217;s priorities. Following the 1st and 2nd editions of the regional community day held in the Boucle du Mouhoun [&hellip;]<\/p>\n","protected":false},"author":4,"featured_media":39162,"comment_status":"closed","ping_status":"closed","sticky":false,"template":"","format":"standard","meta":{"_seopress_robots_primary_cat":"","_seopress_titles_title":"","_seopress_titles_desc":"","_seopress_robots_index":"","footnotes":""},"categories":[1,305,210],"domaine":[289],"approche":[],"class_list":{"0":"post-39160","1":"post","2":"type-post","3":"status-publish","4":"format-standard","5":"has-post-thumbnail","7":"category-non-categorise","8":"category-press-review","9":"category-ressources","10":"domaine-peace-and-social-cohesion"},"_links":{"self":[{"href":"https:\/\/www.solidarburkina.bf\/en\/wp-json\/wp\/v2\/posts\/39160","targetHints":{"allow":["GET"]}}],"collection":[{"href":"https:\/\/www.solidarburkina.bf\/en\/wp-json\/wp\/v2\/posts"}],"about":[{"href":"https:\/\/www.solidarburkina.bf\/en\/wp-json\/wp\/v2\/types\/post"}],"author":[{"embeddable":true,"href":"https:\/\/www.solidarburkina.bf\/en\/wp-json\/wp\/v2\/users\/4"}],"replies":[{"embeddable":true,"href":"https:\/\/www.solidarburkina.bf\/en\/wp-json\/wp\/v2\/comments?post=39160"}],"version-history":[{"count":1,"href":"https:\/\/www.solidarburkina.bf\/en\/wp-json\/wp\/v2\/posts\/39160\/revisions"}],"predecessor-version":[{"id":39163,"href":"https:\/\/www.solidarburkina.bf\/en\/wp-json\/wp\/v2\/posts\/39160\/revisions\/39163"}],"wp:featuredmedia":[{"embeddable":true,"href":"https:\/\/www.solidarburkina.bf\/en\/wp-json\/wp\/v2\/media\/39162"}],"wp:attachment":[{"href":"https:\/\/www.solidarburkina.bf\/en\/wp-json\/wp\/v2\/media?parent=39160"}],"wp:term":[{"taxonomy":"category","embeddable":true,"href":"https:\/\/www.solidarburkina.bf\/en\/wp-json\/wp\/v2\/categories?post=39160"},{"taxonomy":"domaine","embeddable":true,"href":"https:\/\/www.solidarburkina.bf\/en\/wp-json\/wp\/v2\/domaine?post=39160"},{"taxonomy":"approche","embeddable":true,"href":"https:\/\/www.solidarburkina.bf\/en\/wp-json\/wp\/v2\/approche?post=39160"}],"curies":[{"name":"wp","href":"https:\/\/api.w.org\/{rel}","templated":true}]}}