{"id":39176,"date":"2025-06-17T11:47:47","date_gmt":"2025-06-17T11:47:47","guid":{"rendered":"https:\/\/www.solidarburkina.bf\/facilitating-learning-through-bilingual-education-pupils-at-notre-dame-de-la-misericorde-school-in-niego-improve-their-academic-results\/"},"modified":"2026-01-22T09:28:27","modified_gmt":"2026-01-22T09:28:27","slug":"facilitating-learning-through-bilingual-education-pupils-at-notre-dame-de-la-misericorde-school-in-niego-improve-their-academic-results","status":"publish","type":"post","link":"https:\/\/www.solidarburkina.bf\/en\/facilitating-learning-through-bilingual-education-pupils-at-notre-dame-de-la-misericorde-school-in-niego-improve-their-academic-results\/","title":{"rendered":"Facilitating learning through bilingual education: pupils at Notre dame de la mis\u00e9ricorde school in Ni\u00e9go improve their academic results"},"content":{"rendered":"\n<p><strong>To help improve access for children, adolescents and young people to high-quality, inclusive and protective bi-lingual formal and non-formal education, while laying the foundations for social cohesion.<\/strong>  This is the main aim of the &#8220;Multilingual Basic Education&#8221; project being implemented in several regions of Burkina Faso: Centre-Nord, Centre-Ouest, Hauts-Bassins and Sud-Ouest.<\/p>\n\n<p>In bilingual schools, to facilitate learning, pupils are taught in national languages alternating with French. In addition, to cultivate a spirit of mutual aid and social cohesion, pupils are given courses in interculturality and non-violent communication. In addition to academic activities, pupils in bilingual schools take part in related activities such as production and cultivation (traditional dance, market gardening, etc.), the products of which help to improve the school canteen meal. With a view to capitalizing on these achievements, we went to meet the pupils and teachers of Notre dame de la mis\u00e9ricorde elementary school in Ni\u00e9go (in the South-West region). The testimonies gathered show positive results in terms of academic performance.    <\/p>\n\n<figure class=\"wp-block-image size-large\"><img fetchpriority=\"high\" decoding=\"async\" width=\"1024\" height=\"683\" src=\"https:\/\/www.solidarburkina.bf\/wp-content\/uploads\/DSC_7514-1024x683.jpg\" alt=\"\" class=\"wp-image-25035\" srcset=\"https:\/\/www.solidarburkina.bf\/wp-content\/uploads\/DSC_7514-1024x683.jpg 1024w, https:\/\/www.solidarburkina.bf\/wp-content\/uploads\/DSC_7514-300x200.jpg 300w, https:\/\/www.solidarburkina.bf\/wp-content\/uploads\/DSC_7514-150x100.jpg 150w, https:\/\/www.solidarburkina.bf\/wp-content\/uploads\/DSC_7514-768x512.jpg 768w, https:\/\/www.solidarburkina.bf\/wp-content\/uploads\/DSC_7514-1536x1024.jpg 1536w, https:\/\/www.solidarburkina.bf\/wp-content\/uploads\/DSC_7514-scaled.jpg 2048w, https:\/\/www.solidarburkina.bf\/wp-content\/uploads\/DSC_7514-240x160.jpg 240w, https:\/\/www.solidarburkina.bf\/wp-content\/uploads\/DSC_7514-160x107.jpg 160w, https:\/\/www.solidarburkina.bf\/wp-content\/uploads\/DSC_7514-120x80.jpg 120w, https:\/\/www.solidarburkina.bf\/wp-content\/uploads\/DSC_7514-80x53.jpg 80w, https:\/\/www.solidarburkina.bf\/wp-content\/uploads\/DSC_7514-1320x880.jpg 1320w\" sizes=\"(max-width: 1024px) 100vw, 1024px\" \/><\/figure>\n\n<p>  &#8220;My name is <strong>HIEN Berenger<\/strong>, I&#8217;m in<sup>2nd<\/sup> grade at Notre dame de la mis\u00e9ricorde school in Ni\u00e9go (South-West region). The teacher teaches us to read, write and count in Dagara, my mother tongue, and in French. I understand the lessons well and get good marks in class. In the 2nd term, I came top of my class with an average of 8.07.&#8221;   <\/p>\n\n<figure class=\"wp-block-image size-large\"><img decoding=\"async\" width=\"1024\" height=\"683\" src=\"https:\/\/www.solidarburkina.bf\/wp-content\/uploads\/DSC_7466-1024x683.jpg\" alt=\"\" class=\"wp-image-25036\" srcset=\"https:\/\/www.solidarburkina.bf\/wp-content\/uploads\/DSC_7466-1024x683.jpg 1024w, https:\/\/www.solidarburkina.bf\/wp-content\/uploads\/DSC_7466-300x200.jpg 300w, https:\/\/www.solidarburkina.bf\/wp-content\/uploads\/DSC_7466-150x100.jpg 150w, https:\/\/www.solidarburkina.bf\/wp-content\/uploads\/DSC_7466-768x512.jpg 768w, https:\/\/www.solidarburkina.bf\/wp-content\/uploads\/DSC_7466-1536x1024.jpg 1536w, https:\/\/www.solidarburkina.bf\/wp-content\/uploads\/DSC_7466-scaled.jpg 2048w, https:\/\/www.solidarburkina.bf\/wp-content\/uploads\/DSC_7466-240x160.jpg 240w, https:\/\/www.solidarburkina.bf\/wp-content\/uploads\/DSC_7466-160x107.jpg 160w, https:\/\/www.solidarburkina.bf\/wp-content\/uploads\/DSC_7466-120x80.jpg 120w, https:\/\/www.solidarburkina.bf\/wp-content\/uploads\/DSC_7466-80x53.jpg 80w, https:\/\/www.solidarburkina.bf\/wp-content\/uploads\/DSC_7466-1320x880.jpg 1320w\" sizes=\"(max-width: 1024px) 100vw, 1024px\" \/><\/figure>\n\n<figure class=\"wp-block-image size-large\"><img decoding=\"async\" width=\"1024\" height=\"683\" src=\"https:\/\/www.solidarburkina.bf\/wp-content\/uploads\/DSC_7583-1024x683.jpg\" alt=\"\" class=\"wp-image-25037\" srcset=\"https:\/\/www.solidarburkina.bf\/wp-content\/uploads\/DSC_7583-1024x683.jpg 1024w, https:\/\/www.solidarburkina.bf\/wp-content\/uploads\/DSC_7583-300x200.jpg 300w, https:\/\/www.solidarburkina.bf\/wp-content\/uploads\/DSC_7583-150x100.jpg 150w, https:\/\/www.solidarburkina.bf\/wp-content\/uploads\/DSC_7583-768x512.jpg 768w, https:\/\/www.solidarburkina.bf\/wp-content\/uploads\/DSC_7583-1536x1024.jpg 1536w, https:\/\/www.solidarburkina.bf\/wp-content\/uploads\/DSC_7583-scaled.jpg 2048w, https:\/\/www.solidarburkina.bf\/wp-content\/uploads\/DSC_7583-240x160.jpg 240w, https:\/\/www.solidarburkina.bf\/wp-content\/uploads\/DSC_7583-160x107.jpg 160w, https:\/\/www.solidarburkina.bf\/wp-content\/uploads\/DSC_7583-120x80.jpg 120w, https:\/\/www.solidarburkina.bf\/wp-content\/uploads\/DSC_7583-80x53.jpg 80w, https:\/\/www.solidarburkina.bf\/wp-content\/uploads\/DSC_7583-1320x880.jpg 1320w\" sizes=\"(max-width: 1024px) 100vw, 1024px\" \/><\/figure>\n\n<p>&#8220;I&#8217;m <strong>SOME marthe<\/strong>, I&#8217;m in<sup>2nd<\/sup> grade at Notre dame de la mis\u00e9ricorde school in Ni\u00e9go (South-West region). I understand the lessons well because the teacher explains them to us in French and in our mother tongue, Dagara. In the<sup>2nd<\/sup> term, I came<sup>2nd<\/sup> in my class with a 7.42 average. I&#8217;m very happy to be at Notre dame de la mis\u00e9ricorde de Ni\u00e9ogo school because the lessons are in French and Dagara, we grow vegetables in the garden for our canteen and we have a traditional dance troupe&#8221;.   <\/p>\n\n<figure class=\"wp-block-image size-large\"><img loading=\"lazy\" decoding=\"async\" width=\"1024\" height=\"683\" src=\"https:\/\/www.solidarburkina.bf\/wp-content\/uploads\/DSC_7492-1024x683.jpg\" alt=\"\" class=\"wp-image-25038\" srcset=\"https:\/\/www.solidarburkina.bf\/wp-content\/uploads\/DSC_7492-1024x683.jpg 1024w, https:\/\/www.solidarburkina.bf\/wp-content\/uploads\/DSC_7492-300x200.jpg 300w, https:\/\/www.solidarburkina.bf\/wp-content\/uploads\/DSC_7492-150x100.jpg 150w, https:\/\/www.solidarburkina.bf\/wp-content\/uploads\/DSC_7492-768x512.jpg 768w, https:\/\/www.solidarburkina.bf\/wp-content\/uploads\/DSC_7492-1536x1024.jpg 1536w, https:\/\/www.solidarburkina.bf\/wp-content\/uploads\/DSC_7492-scaled.jpg 2048w, https:\/\/www.solidarburkina.bf\/wp-content\/uploads\/DSC_7492-240x160.jpg 240w, https:\/\/www.solidarburkina.bf\/wp-content\/uploads\/DSC_7492-160x107.jpg 160w, https:\/\/www.solidarburkina.bf\/wp-content\/uploads\/DSC_7492-120x80.jpg 120w, https:\/\/www.solidarburkina.bf\/wp-content\/uploads\/DSC_7492-80x53.jpg 80w, https:\/\/www.solidarburkina.bf\/wp-content\/uploads\/DSC_7492-1320x880.jpg 1320w\" sizes=\"(max-width: 1024px) 100vw, 1024px\" \/><\/figure>\n\n<p> <strong> &#8220;SOME Emmanuel<\/strong>, I understand the lessons well because the teacher explains to us in French and in the Dagara language. I like to take part in lessons because the mistress explains to us in French and in Dagara to enable us to understand well. In the 2nd term, I came 9th with an average of 6.23.&#8221;  <\/p>\n\n<figure class=\"wp-block-image size-large\"><img loading=\"lazy\" decoding=\"async\" width=\"1024\" height=\"683\" src=\"https:\/\/www.solidarburkina.bf\/wp-content\/uploads\/DSC_7479-1024x683.jpg\" alt=\"\" class=\"wp-image-25039\" srcset=\"https:\/\/www.solidarburkina.bf\/wp-content\/uploads\/DSC_7479-1024x683.jpg 1024w, https:\/\/www.solidarburkina.bf\/wp-content\/uploads\/DSC_7479-300x200.jpg 300w, https:\/\/www.solidarburkina.bf\/wp-content\/uploads\/DSC_7479-150x100.jpg 150w, https:\/\/www.solidarburkina.bf\/wp-content\/uploads\/DSC_7479-768x512.jpg 768w, https:\/\/www.solidarburkina.bf\/wp-content\/uploads\/DSC_7479-1536x1024.jpg 1536w, https:\/\/www.solidarburkina.bf\/wp-content\/uploads\/DSC_7479-scaled.jpg 2048w, https:\/\/www.solidarburkina.bf\/wp-content\/uploads\/DSC_7479-240x160.jpg 240w, https:\/\/www.solidarburkina.bf\/wp-content\/uploads\/DSC_7479-160x107.jpg 160w, https:\/\/www.solidarburkina.bf\/wp-content\/uploads\/DSC_7479-120x80.jpg 120w, https:\/\/www.solidarburkina.bf\/wp-content\/uploads\/DSC_7479-80x53.jpg 80w, https:\/\/www.solidarburkina.bf\/wp-content\/uploads\/DSC_7479-1320x880.jpg 1320w\" sizes=\"(max-width: 1024px) 100vw, 1024px\" \/><\/figure>\n\n<figure class=\"wp-block-image size-large\"><img loading=\"lazy\" decoding=\"async\" width=\"1024\" height=\"683\" src=\"https:\/\/www.solidarburkina.bf\/wp-content\/uploads\/DSC_7618-1024x683.jpg\" alt=\"\" class=\"wp-image-25040\" srcset=\"https:\/\/www.solidarburkina.bf\/wp-content\/uploads\/DSC_7618-1024x683.jpg 1024w, https:\/\/www.solidarburkina.bf\/wp-content\/uploads\/DSC_7618-300x200.jpg 300w, https:\/\/www.solidarburkina.bf\/wp-content\/uploads\/DSC_7618-150x100.jpg 150w, https:\/\/www.solidarburkina.bf\/wp-content\/uploads\/DSC_7618-768x512.jpg 768w, https:\/\/www.solidarburkina.bf\/wp-content\/uploads\/DSC_7618-1536x1024.jpg 1536w, https:\/\/www.solidarburkina.bf\/wp-content\/uploads\/DSC_7618-scaled.jpg 2048w, https:\/\/www.solidarburkina.bf\/wp-content\/uploads\/DSC_7618-240x160.jpg 240w, https:\/\/www.solidarburkina.bf\/wp-content\/uploads\/DSC_7618-160x107.jpg 160w, https:\/\/www.solidarburkina.bf\/wp-content\/uploads\/DSC_7618-120x80.jpg 120w, https:\/\/www.solidarburkina.bf\/wp-content\/uploads\/DSC_7618-80x53.jpg 80w, https:\/\/www.solidarburkina.bf\/wp-content\/uploads\/DSC_7618-1320x880.jpg 1320w\" sizes=\"(max-width: 1024px) 100vw, 1024px\" \/><\/figure>\n\n<p>&#8220;<strong>PODA Ad\u00e8le<\/strong>, I like coming to school because the teacher explains the lessons in our mother tongue, Dagara. In the garden, we grow vegetables (lettuce, eggplant, onion, cabbage) and leaves for the canteen kitchen. The presence of the canteen helps us, as we often stay at school at lunchtime to deal with our group exercises and return home in the evening when classes finish at 5pm.&#8221;  <\/p>\n\n<figure class=\"wp-block-image size-large\"><img loading=\"lazy\" decoding=\"async\" width=\"1024\" height=\"683\" src=\"https:\/\/www.solidarburkina.bf\/wp-content\/uploads\/DSC_7651-1024x683.jpg\" alt=\"\" class=\"wp-image-25041\" srcset=\"https:\/\/www.solidarburkina.bf\/wp-content\/uploads\/DSC_7651-1024x683.jpg 1024w, https:\/\/www.solidarburkina.bf\/wp-content\/uploads\/DSC_7651-300x200.jpg 300w, https:\/\/www.solidarburkina.bf\/wp-content\/uploads\/DSC_7651-150x100.jpg 150w, https:\/\/www.solidarburkina.bf\/wp-content\/uploads\/DSC_7651-768x512.jpg 768w, https:\/\/www.solidarburkina.bf\/wp-content\/uploads\/DSC_7651-1536x1024.jpg 1536w, https:\/\/www.solidarburkina.bf\/wp-content\/uploads\/DSC_7651-scaled.jpg 2048w, https:\/\/www.solidarburkina.bf\/wp-content\/uploads\/DSC_7651-240x160.jpg 240w, https:\/\/www.solidarburkina.bf\/wp-content\/uploads\/DSC_7651-160x107.jpg 160w, https:\/\/www.solidarburkina.bf\/wp-content\/uploads\/DSC_7651-120x80.jpg 120w, https:\/\/www.solidarburkina.bf\/wp-content\/uploads\/DSC_7651-80x53.jpg 80w, https:\/\/www.solidarburkina.bf\/wp-content\/uploads\/DSC_7651-1320x880.jpg 1320w\" sizes=\"(max-width: 1024px) 100vw, 1024px\" \/><\/figure>\n\n<p>&#8220;My name is <strong>Mrs HIEN, n\u00e9e SOME Marie<\/strong>, and I teach 2nd grade at Notre dame de la mis\u00e9ricorde school in Ni\u00e9go (South-West region). I&#8217;ve been in bilingual education for 12 years. I started bilingual teaching in October 2013, following a training course offered by Solidar Suisse on Pedagogy, and every year we receive refresher training on the different modules taught to the pupils (reading, arithmetic, history-geography, early-learning lessons, interculturality\/non-violent communication, etc.). Bilingual teaching facilitates student learning: at Ni\u00e9go school, for example, in the first year, all lessons are taught in Dagara languages in addition to oral French. From Grade 2 onwards, French is gradually introduced, and pupils learn to read, write and count in Dagara and French. This approach helps to improve school results, as pupils are better able to assimilate lessons. For the primary school certificate (CEP) exam, they are given the opportunity to take certain subjects, such as essay writing, in Dagara. In addition, gardening, cultural activities and the module on interculturality help to awaken the pupils, stimulate mutual support among them and improve their knowledge of Dagara cultural values&#8221;.  <\/p>\n\n<figure class=\"wp-block-image size-large\"><img loading=\"lazy\" decoding=\"async\" width=\"1024\" height=\"683\" src=\"https:\/\/www.solidarburkina.bf\/wp-content\/uploads\/DSC_7708-1024x683.jpg\" alt=\"\" class=\"wp-image-25042\" srcset=\"https:\/\/www.solidarburkina.bf\/wp-content\/uploads\/DSC_7708-1024x683.jpg 1024w, https:\/\/www.solidarburkina.bf\/wp-content\/uploads\/DSC_7708-300x200.jpg 300w, https:\/\/www.solidarburkina.bf\/wp-content\/uploads\/DSC_7708-150x100.jpg 150w, https:\/\/www.solidarburkina.bf\/wp-content\/uploads\/DSC_7708-768x512.jpg 768w, https:\/\/www.solidarburkina.bf\/wp-content\/uploads\/DSC_7708-1536x1024.jpg 1536w, https:\/\/www.solidarburkina.bf\/wp-content\/uploads\/DSC_7708-scaled.jpg 2048w, https:\/\/www.solidarburkina.bf\/wp-content\/uploads\/DSC_7708-240x160.jpg 240w, https:\/\/www.solidarburkina.bf\/wp-content\/uploads\/DSC_7708-160x107.jpg 160w, https:\/\/www.solidarburkina.bf\/wp-content\/uploads\/DSC_7708-120x80.jpg 120w, https:\/\/www.solidarburkina.bf\/wp-content\/uploads\/DSC_7708-80x53.jpg 80w, https:\/\/www.solidarburkina.bf\/wp-content\/uploads\/DSC_7708-1320x880.jpg 1320w\" sizes=\"(max-width: 1024px) 100vw, 1024px\" \/><\/figure>\n\n<p>&#8220;I am <strong>DABIRE Alphonse<\/strong>, Director of the Notre dame de la mis\u00e9ricorde school in Ni\u00e9go (South-West region). Thanks to our partnership with Solidar Suisse, we offer bilingual education in the national language and French, using the additive bilingualism model. In the first year of our school, the majority of modules are in the Dagara language (causerie d\u00e9bat, reading, arithmetic, civic and moral education, interculturality and non-violent communication, etc.) in addition to oral French. From Grade 2 onwards, we introduce reading-expression-comprehension in French along with the other subjects in the national language. In grade 3, the conceptual content acquired in grade<sup>2<\/sup> in the national language is transferred to French. In Grades<sup>4<\/sup> and<sup>5<\/sup>, only writing is taught in the national language. In addition to academic activities, we have a <sup>600m2<\/sup> market garden where students grow a variety of crops (lettuce, onions, local eggplants, sorrel, beans, etc.). Harvests from the garden are used to vary the school canteen menu, and a portion is sold to prepare the meal for the end of the school year. Garden maintenance is carried out on the basis of a weekly program, with one session (1 hour\/day in the afternoon) for each of the 05 classes available, with the support of the teachers. In addition to gardening, we have a cultural session every Wednesday evening to introduce pupils to cultural values and traditional Dagara dance steps. Bilingual teaching is a good approach that helps to awaken pupils and improve academic results. The good results obtained in Grade 5 are conditioned by a good foundation of bilingual teaching in Grades<sup>1<\/sup> and<sup>2<\/sup>. Every year, in terms of academic performance, our school comes out on top in our Circonscription d&#8217;\u00e9ducation de base (CEB); in 2024 we had a pass rate of 95.45% in the CEP and this year, 2025, we have a pass rate of 100%&#8221;.              <\/p>\n\n<p><strong>The project is supported by the Swiss Agency for Development and Cooperation and the F\u00e9d\u00e9ration Genevoise de Coop\u00e9ration.<\/strong><\/p>\n","protected":false},"excerpt":{"rendered":"<p>To help improve access for children, adolescents and young people to high-quality, inclusive and protective bi-lingual formal and non-formal education, while laying the foundations for social cohesion. This is the main aim of the &#8220;Multilingual Basic Education&#8221; project being implemented in several regions of Burkina Faso: Centre-Nord, Centre-Ouest, Hauts-Bassins and Sud-Ouest. In bilingual schools, to [&hellip;]<\/p>\n","protected":false},"author":4,"featured_media":39179,"comment_status":"closed","ping_status":"closed","sticky":false,"template":"","format":"standard","meta":{"_seopress_robots_primary_cat":"","_seopress_titles_title":"","_seopress_titles_desc":"","_seopress_robots_index":"","footnotes":""},"categories":[290,304,286,292],"domaine":[301,288,306,289],"approche":[300],"class_list":{"0":"post-39176","1":"post","2":"type-post","3":"status-publish","4":"format-standard","5":"has-post-thumbnail","7":"category-capitalization","8":"category-headlines","9":"category-news","10":"category-resources","11":"domaine-bi-and-plurilingual-education","12":"domaine-democracy-and-participation","13":"domaine-interculturality-and-non-violent-communication","14":"domaine-peace-and-social-cohesion","15":"approche-epb"},"_links":{"self":[{"href":"https:\/\/www.solidarburkina.bf\/en\/wp-json\/wp\/v2\/posts\/39176","targetHints":{"allow":["GET"]}}],"collection":[{"href":"https:\/\/www.solidarburkina.bf\/en\/wp-json\/wp\/v2\/posts"}],"about":[{"href":"https:\/\/www.solidarburkina.bf\/en\/wp-json\/wp\/v2\/types\/post"}],"author":[{"embeddable":true,"href":"https:\/\/www.solidarburkina.bf\/en\/wp-json\/wp\/v2\/users\/4"}],"replies":[{"embeddable":true,"href":"https:\/\/www.solidarburkina.bf\/en\/wp-json\/wp\/v2\/comments?post=39176"}],"version-history":[{"count":1,"href":"https:\/\/www.solidarburkina.bf\/en\/wp-json\/wp\/v2\/posts\/39176\/revisions"}],"predecessor-version":[{"id":39181,"href":"https:\/\/www.solidarburkina.bf\/en\/wp-json\/wp\/v2\/posts\/39176\/revisions\/39181"}],"wp:featuredmedia":[{"embeddable":true,"href":"https:\/\/www.solidarburkina.bf\/en\/wp-json\/wp\/v2\/media\/39179"}],"wp:attachment":[{"href":"https:\/\/www.solidarburkina.bf\/en\/wp-json\/wp\/v2\/media?parent=39176"}],"wp:term":[{"taxonomy":"category","embeddable":true,"href":"https:\/\/www.solidarburkina.bf\/en\/wp-json\/wp\/v2\/categories?post=39176"},{"taxonomy":"domaine","embeddable":true,"href":"https:\/\/www.solidarburkina.bf\/en\/wp-json\/wp\/v2\/domaine?post=39176"},{"taxonomy":"approche","embeddable":true,"href":"https:\/\/www.solidarburkina.bf\/en\/wp-json\/wp\/v2\/approche?post=39176"}],"curies":[{"name":"wp","href":"https:\/\/api.w.org\/{rel}","templated":true}]}}