{"id":39177,"date":"2025-07-11T12:40:17","date_gmt":"2025-07-11T12:40:17","guid":{"rendered":"https:\/\/www.solidarburkina.bf\/combating-desertification-the-rilgre-project-sets-up-groves-in-three-03-regions\/"},"modified":"2026-02-02T10:42:22","modified_gmt":"2026-02-02T10:42:22","slug":"combating-desertification-the-rilgre-project-sets-up-groves-in-three-03-regions","status":"publish","type":"post","link":"https:\/\/www.solidarburkina.bf\/en\/combating-desertification-the-rilgre-project-sets-up-groves-in-three-03-regions\/","title":{"rendered":"Combating desertification: the Rilgr\u00e9 project sets up groves in three (03) regions"},"content":{"rendered":"\n<p>On July 10, 2025, in the village of Pissiga (commune of Ziga), the official launch took place of the reforestation of groves created by the <strong>&#8220;Promotion des pratiques agro\u00e9cologiques et de valorisation des productions agricoles (Rilgr\u00e9)&#8221;<\/strong> project in the Kuils\u00e9 (Centre-Nord), Oubri (Plateau-Central) and Nakamb\u00e9 (Centre-Est) regions. The establishment of these community groves complements Assisted Natural Regeneration (ANR), which the project systematically promotes as part of its actions to prevent soil degradation and restore degraded land. On this occasion, <strong>750 seedlings of various species<\/strong> were planted in the two (02) hectare Pissiga grove. In the opinion of <strong>Lieutenant-Colonel Toussaint BATIONO<\/strong>, representing the Regional Director of Water and Forestry for the Kuils\u00e9 region, &#8220;this operation responds to the appeal of the President of Faso, His Excellency Captain Ibrahim TRAOR\u00c9, who invites every Burkinab\u00e8, every institution and every community to plant and maintain seedlings for the regreening of Burkina Faso.&#8221;   <\/p>\n\n<figure class=\"wp-block-image size-large\"><img fetchpriority=\"high\" decoding=\"async\" width=\"1024\" height=\"683\" src=\"https:\/\/www.solidarburkina.bf\/wp-content\/uploads\/IMG2-1-1024x683.jpg\" alt=\"\" class=\"wp-image-26225\" srcset=\"https:\/\/www.solidarburkina.bf\/wp-content\/uploads\/IMG2-1-1024x683.jpg 1024w, https:\/\/www.solidarburkina.bf\/wp-content\/uploads\/IMG2-1-300x200.jpg 300w, https:\/\/www.solidarburkina.bf\/wp-content\/uploads\/IMG2-1-150x100.jpg 150w, https:\/\/www.solidarburkina.bf\/wp-content\/uploads\/IMG2-1-768x512.jpg 768w, https:\/\/www.solidarburkina.bf\/wp-content\/uploads\/IMG2-1-240x160.jpg 240w, https:\/\/www.solidarburkina.bf\/wp-content\/uploads\/IMG2-1-160x107.jpg 160w, https:\/\/www.solidarburkina.bf\/wp-content\/uploads\/IMG2-1-120x80.jpg 120w, https:\/\/www.solidarburkina.bf\/wp-content\/uploads\/IMG2-1-80x53.jpg 80w, https:\/\/www.solidarburkina.bf\/wp-content\/uploads\/IMG2-1.jpg 1080w\" sizes=\"(max-width: 1024px) 100vw, 1024px\" \/><\/figure>\n\n<p><em><strong>Lieutenant-Colonel Toussaint BATIONO<\/strong> (left), <strong>Mr Philippe YANOGO<\/strong>, Rilgr\u00e9 project manager (middle) and a representative of the beneficiaries (right).<\/em><\/p>\n\n<p>Addressing the strongly mobilized population, <strong>Adama SAWADOGO<\/strong>, first vice-president of the special delegation of the Ziga commune, called for individual and collective commitment to better maintain this jewel. To facilitate the upkeep of the plants, he invited the community to support this initiative by advocating the installation of a water point on the site. <\/p>\n\n<figure class=\"wp-block-image size-full\"><img decoding=\"async\" width=\"499\" height=\"498\" src=\"https:\/\/www.solidarburkina.bf\/wp-content\/uploads\/IMG5.jpg\" alt=\"\" class=\"wp-image-26227\" srcset=\"https:\/\/www.solidarburkina.bf\/wp-content\/uploads\/IMG5.jpg 499w, https:\/\/www.solidarburkina.bf\/wp-content\/uploads\/IMG5-300x300.jpg 300w, https:\/\/www.solidarburkina.bf\/wp-content\/uploads\/IMG5-150x150.jpg 150w, https:\/\/www.solidarburkina.bf\/wp-content\/uploads\/IMG5-160x160.jpg 160w, https:\/\/www.solidarburkina.bf\/wp-content\/uploads\/IMG5-80x80.jpg 80w\" sizes=\"(max-width: 499px) 100vw, 499px\" \/><\/figure>\n\n<p><em><strong>Adama SAWADOGO<\/strong>, first vice-president of the special delegation of the commune of Ziga<\/em><\/p>\n\n<p>According to <strong>Philippe YANOGO<\/strong>, head of the Rilgr\u00e9 project, this activity marks the start of a series of reforestations in two (02) other groves (each covering two (02) hectares) located in the Oubri and Nakamb\u00e9 regions. A total of 3,000 seedlings of local species will be planted to help restore degraded land.   <\/p>\n\n<p>The Rilgr\u00e9 project is being implemented by the Solidar Suisse consortium and the Association Beo-Neer\u00e9 Agro\u00e9cologie (ABNA) in partnership with the Wendkouni\/Namentaga Association. It covers 13 communes in the Kuils\u00e9 (Centre-Nord), Oubri (Plateau-Central) and Nakamb\u00e9 (Centre-Est) regions. The project is financed by the Kingdom of Belgium as part of the implementation of the Portefeuille Th\u00e9matique Climat Sahel (PTCS)-volet Burkina Faso of the Belgian Development Agency (Enabel Burkina Faso).  <\/p>\n\n<figure class=\"wp-block-image size-large\"><img decoding=\"async\" width=\"1024\" height=\"683\" src=\"https:\/\/www.solidarburkina.bf\/wp-content\/uploads\/IMG6-1024x683.jpg\" alt=\"\" class=\"wp-image-26226\" srcset=\"https:\/\/www.solidarburkina.bf\/wp-content\/uploads\/IMG6-1024x683.jpg 1024w, https:\/\/www.solidarburkina.bf\/wp-content\/uploads\/IMG6-300x200.jpg 300w, https:\/\/www.solidarburkina.bf\/wp-content\/uploads\/IMG6-150x100.jpg 150w, https:\/\/www.solidarburkina.bf\/wp-content\/uploads\/IMG6-768x512.jpg 768w, https:\/\/www.solidarburkina.bf\/wp-content\/uploads\/IMG6-240x160.jpg 240w, https:\/\/www.solidarburkina.bf\/wp-content\/uploads\/IMG6-160x107.jpg 160w, https:\/\/www.solidarburkina.bf\/wp-content\/uploads\/IMG6-120x80.jpg 120w, https:\/\/www.solidarburkina.bf\/wp-content\/uploads\/IMG6-80x53.jpg 80w, https:\/\/www.solidarburkina.bf\/wp-content\/uploads\/IMG6.jpg 1080w\" sizes=\"(max-width: 1024px) 100vw, 1024px\" \/><\/figure>\n\n<p><em>Family photo after planting<\/em> <\/p>\n\n<p><strong>The Rilgr\u00e9 project is financed by the Kingdom of Belgium as part of the implementation of the Portefeuille Th\u00e9matique Climat Sahel (PTCS)-volet Burkina Faso of the Belgian Development Agency (Enabel Burkina Faso).<\/strong><\/p>\n","protected":false},"excerpt":{"rendered":"<p>On July 10, 2025, in the village of Pissiga (commune of Ziga), the official launch took place of the reforestation of groves created by the &#8220;Promotion des pratiques agro\u00e9cologiques et de valorisation des productions agricoles (Rilgr\u00e9)&#8221; project in the Kuils\u00e9 (Centre-Nord), Oubri (Plateau-Central) and Nakamb\u00e9 (Centre-Est) regions. The establishment of these community groves complements Assisted [&hellip;]<\/p>\n","protected":false},"author":4,"featured_media":39178,"comment_status":"closed","ping_status":"closed","sticky":false,"template":"","format":"standard","meta":{"_seopress_robots_primary_cat":"","_seopress_titles_title":"","_seopress_titles_desc":"","_seopress_robots_index":"","footnotes":""},"categories":[286],"domaine":[294],"approche":[],"class_list":{"0":"post-39177","1":"post","2":"type-post","3":"status-publish","4":"format-standard","5":"has-post-thumbnail","7":"category-news","8":"domaine-climate-change-resilience"},"_links":{"self":[{"href":"https:\/\/www.solidarburkina.bf\/en\/wp-json\/wp\/v2\/posts\/39177","targetHints":{"allow":["GET"]}}],"collection":[{"href":"https:\/\/www.solidarburkina.bf\/en\/wp-json\/wp\/v2\/posts"}],"about":[{"href":"https:\/\/www.solidarburkina.bf\/en\/wp-json\/wp\/v2\/types\/post"}],"author":[{"embeddable":true,"href":"https:\/\/www.solidarburkina.bf\/en\/wp-json\/wp\/v2\/users\/4"}],"replies":[{"embeddable":true,"href":"https:\/\/www.solidarburkina.bf\/en\/wp-json\/wp\/v2\/comments?post=39177"}],"version-history":[{"count":1,"href":"https:\/\/www.solidarburkina.bf\/en\/wp-json\/wp\/v2\/posts\/39177\/revisions"}],"predecessor-version":[{"id":39180,"href":"https:\/\/www.solidarburkina.bf\/en\/wp-json\/wp\/v2\/posts\/39177\/revisions\/39180"}],"wp:featuredmedia":[{"embeddable":true,"href":"https:\/\/www.solidarburkina.bf\/en\/wp-json\/wp\/v2\/media\/39178"}],"wp:attachment":[{"href":"https:\/\/www.solidarburkina.bf\/en\/wp-json\/wp\/v2\/media?parent=39177"}],"wp:term":[{"taxonomy":"category","embeddable":true,"href":"https:\/\/www.solidarburkina.bf\/en\/wp-json\/wp\/v2\/categories?post=39177"},{"taxonomy":"domaine","embeddable":true,"href":"https:\/\/www.solidarburkina.bf\/en\/wp-json\/wp\/v2\/domaine?post=39177"},{"taxonomy":"approche","embeddable":true,"href":"https:\/\/www.solidarburkina.bf\/en\/wp-json\/wp\/v2\/approche?post=39177"}],"curies":[{"name":"wp","href":"https:\/\/api.w.org\/{rel}","templated":true}]}}