{"id":39613,"date":"2025-12-03T10:02:00","date_gmt":"2025-12-03T10:02:00","guid":{"rendered":"https:\/\/www.solidarburkina.bf\/socio-professional-reintegration-of-young-internally-displaced-persons-beneficiaries-of-the-2nd-cohort-of-the-education-and-training-center-for-young-internally-displaced-persons-efjdi-are-equipped\/"},"modified":"2026-01-22T09:34:45","modified_gmt":"2026-01-22T09:34:45","slug":"socio-professional-reintegration-of-young-internally-displaced-persons-beneficiaries-of-the-2nd-cohort-of-the-education-and-training-center-for-young-internally-displaced-persons-efjdi-are-equipped","status":"publish","type":"post","link":"https:\/\/www.solidarburkina.bf\/en\/socio-professional-reintegration-of-young-internally-displaced-persons-beneficiaries-of-the-2nd-cohort-of-the-education-and-training-center-for-young-internally-displaced-persons-efjdi-are-equipped\/","title":{"rendered":"Socio-professional reintegration of young internally displaced persons: beneficiaries of the 2nd cohort of the Education and Training Center for Young Internally Displaced Persons (EFJDI) are equipped to make the most of their know-how."},"content":{"rendered":"\n<p>On December 02, 2025, the official graduation ceremony for the 2nd cohort of beneficiaries of the Education and Training Center for Internally Displaced Youth (EFJDI) was held in the town of Kaya. Set up by Solidar Suisse in collaboration with the Ministry of National Education, Literacy and Promotion of National Languages (MENAPLN) and in partnership with the National Secretariat of Catholic Education (SNEC), this center gives new hope to internally displaced young people in the town of Kaya through a one-year vocational training course divided into 2 stages: <\/p>\n\n<ul class=\"wp-block-list\">\n<li>A first phase of theoretical courses lasting 06 months on various modules: literacy in the Moor\u00e9 language, oral French, financial education, entrepreneurship, peace education, interculturality and non-violent communication. In addition, to enable them to diversify their income-generating activities, the learners benefited from practical training in saponification and the manufacture of bead-based objects (baskets, handbags, key-rings, jewelry, etc.). <\/li>\n\n\n\n<li>The 2nd practical phase consists of placing learners with master craftsmen for a period of 06 months to learn the trade of their choice, i.e. hairdressing, tailoring, weaving or plumbing.<\/li>\n<\/ul>\n\n<p>The official launch ceremony was an opportunity to hand over the installation kits to the learners and discover their achievements at the end of a year&#8217;s training, in the presence of various stakeholders: the Regional Director of Youth and Employment, Ms. Nida Blanche HIEN\/TRAORE, the National Secretary of Catholic Education (SNEC), Mr. l&#8217;Abb\u00e9 Hyacinthe OUEDRAOGO, the Diocesan Director of Catholic Education (DDEC) for Kaya, Mr. l&#8217;Abb\u00e9 Mathieu OUEDRAOGO, the head of the Kaya training center, Ms. Nida Blanche HIEN\/TRAORE. l&#8217;Abb\u00e9 Hyacinthe OUEDRAOGO, the Diocesan Director of Catholic Education (DDEC) of Kaya, Mr. l&#8217;Abb\u00e9 Mathieu OUEDRAOGO, the Head of the Basic Education District (CCEB), Mr. Isidore DIANDA, the Head of the Multilingual Education Project of Solidar Suisse Burkina Faso, Mr. Pascal ZAONGO, the Project Manager of the Multilingual Education Project of Solidar Suisse Burkina Faso, Mr. Pascal ZAONGO, the Project Manager of the Multilingual Education Project of Solidar Suisse Burkina Faso, Mr. Nida Blanche HIEN\/TRAORE. Pascal ZAONGO, Solidar Suisse Burkina Faso&#8217;s Technical Advisor for Education, Mr. Yamba Louis NIKIEMA, as well as the beneficiaries&#8217; parents, language trainers and master craftsmen.  <\/p>\n\n<figure class=\"wp-block-image size-large\"><img fetchpriority=\"high\" decoding=\"async\" width=\"1024\" height=\"683\" src=\"https:\/\/www.solidarburkina.bf\/wp-content\/uploads\/DSC_2652-1024x683.jpg\" alt=\"\" class=\"wp-image-39374\" srcset=\"https:\/\/www.solidarburkina.bf\/wp-content\/uploads\/DSC_2652-1024x683.jpg 1024w, https:\/\/www.solidarburkina.bf\/wp-content\/uploads\/DSC_2652-300x200.jpg 300w, https:\/\/www.solidarburkina.bf\/wp-content\/uploads\/DSC_2652-150x100.jpg 150w, https:\/\/www.solidarburkina.bf\/wp-content\/uploads\/DSC_2652-768x512.jpg 768w, https:\/\/www.solidarburkina.bf\/wp-content\/uploads\/DSC_2652-1536x1024.jpg 1536w, https:\/\/www.solidarburkina.bf\/wp-content\/uploads\/DSC_2652-scaled.jpg 2048w, https:\/\/www.solidarburkina.bf\/wp-content\/uploads\/DSC_2652-240x160.jpg 240w, https:\/\/www.solidarburkina.bf\/wp-content\/uploads\/DSC_2652-160x107.jpg 160w, https:\/\/www.solidarburkina.bf\/wp-content\/uploads\/DSC_2652-120x80.jpg 120w, https:\/\/www.solidarburkina.bf\/wp-content\/uploads\/DSC_2652-80x53.jpg 80w, https:\/\/www.solidarburkina.bf\/wp-content\/uploads\/DSC_2652-1320x880.jpg 1320w\" sizes=\"(max-width: 1024px) 100vw, 1024px\" \/><\/figure>\n\n<p><em><strong>Family photo of officials with some beneficiaries<\/strong><\/em> <\/p>\n\n<p>On this occasion, Pascal ZAONGO, Head of the Multilingual Education project of Solidar Suisse Burkina Faso, expressed his satisfaction at the release of the 2nd cohort from the EFJDI center. He urged the beneficiaries to make good use of the equipment received to ensure their financial autonomy and to be role models in their training profession. <\/p>\n\n<figure class=\"wp-block-image size-large\"><img decoding=\"async\" width=\"1024\" height=\"683\" src=\"https:\/\/www.solidarburkina.bf\/wp-content\/uploads\/DSC_2556-1024x683.jpg\" alt=\"\" class=\"wp-image-39375\" srcset=\"https:\/\/www.solidarburkina.bf\/wp-content\/uploads\/DSC_2556-1024x683.jpg 1024w, https:\/\/www.solidarburkina.bf\/wp-content\/uploads\/DSC_2556-300x200.jpg 300w, https:\/\/www.solidarburkina.bf\/wp-content\/uploads\/DSC_2556-150x100.jpg 150w, https:\/\/www.solidarburkina.bf\/wp-content\/uploads\/DSC_2556-768x512.jpg 768w, https:\/\/www.solidarburkina.bf\/wp-content\/uploads\/DSC_2556-1536x1024.jpg 1536w, https:\/\/www.solidarburkina.bf\/wp-content\/uploads\/DSC_2556-scaled.jpg 2048w, https:\/\/www.solidarburkina.bf\/wp-content\/uploads\/DSC_2556-240x160.jpg 240w, https:\/\/www.solidarburkina.bf\/wp-content\/uploads\/DSC_2556-160x107.jpg 160w, https:\/\/www.solidarburkina.bf\/wp-content\/uploads\/DSC_2556-120x80.jpg 120w, https:\/\/www.solidarburkina.bf\/wp-content\/uploads\/DSC_2556-80x53.jpg 80w, https:\/\/www.solidarburkina.bf\/wp-content\/uploads\/DSC_2556-1320x880.jpg 1320w\" sizes=\"(max-width: 1024px) 100vw, 1024px\" \/><\/figure>\n\n<p>The National Secretary of Catholic Education (SNEC), Abb\u00e9 Hyacinthe OUEDRAOGO, invited parents to support their children to succeed in their chosen profession.<\/p>\n\n<figure class=\"wp-block-image size-large\"><img decoding=\"async\" width=\"1024\" height=\"683\" src=\"https:\/\/www.solidarburkina.bf\/wp-content\/uploads\/DSC_2574-1024x683.jpg\" alt=\"\" class=\"wp-image-39376\" srcset=\"https:\/\/www.solidarburkina.bf\/wp-content\/uploads\/DSC_2574-1024x683.jpg 1024w, https:\/\/www.solidarburkina.bf\/wp-content\/uploads\/DSC_2574-300x200.jpg 300w, https:\/\/www.solidarburkina.bf\/wp-content\/uploads\/DSC_2574-150x100.jpg 150w, https:\/\/www.solidarburkina.bf\/wp-content\/uploads\/DSC_2574-768x512.jpg 768w, https:\/\/www.solidarburkina.bf\/wp-content\/uploads\/DSC_2574-1536x1024.jpg 1536w, https:\/\/www.solidarburkina.bf\/wp-content\/uploads\/DSC_2574-scaled.jpg 2048w, https:\/\/www.solidarburkina.bf\/wp-content\/uploads\/DSC_2574-240x160.jpg 240w, https:\/\/www.solidarburkina.bf\/wp-content\/uploads\/DSC_2574-160x107.jpg 160w, https:\/\/www.solidarburkina.bf\/wp-content\/uploads\/DSC_2574-120x80.jpg 120w, https:\/\/www.solidarburkina.bf\/wp-content\/uploads\/DSC_2574-80x53.jpg 80w, https:\/\/www.solidarburkina.bf\/wp-content\/uploads\/DSC_2574-1320x880.jpg 1320w\" sizes=\"(max-width: 1024px) 100vw, 1024px\" \/><\/figure>\n\n<p><strong>A few testimonials from beneficiaries<\/strong><\/p>\n\n<p><strong>OUEDRAOGO Mamounata<\/strong>, weaving-dyeing training beneficiary &#8220;I&#8217;m delighted to receive my weaving-dyeing kit. I&#8217;ve been an internally displaced person in the town of Kaya for 03 years, and I had to drop out of school in the second year for lack of funds. Today, I&#8217;m coming out with various professional skills that will enable me to earn an income. I&#8217;m proud to wear an outfit I&#8217;ve woven myself. I opted for weaving-dyeing because I&#8217;ve noticed a growing interest among the population in woven pages, so I&#8217;ll be able to support myself through this craft.&#8221;<\/p>\n\n<figure class=\"wp-block-image size-large\"><img loading=\"lazy\" decoding=\"async\" width=\"1024\" height=\"683\" src=\"https:\/\/www.solidarburkina.bf\/wp-content\/uploads\/DSC_2686-1024x683.jpg\" alt=\"\" class=\"wp-image-39377\" srcset=\"https:\/\/www.solidarburkina.bf\/wp-content\/uploads\/DSC_2686-1024x683.jpg 1024w, https:\/\/www.solidarburkina.bf\/wp-content\/uploads\/DSC_2686-300x200.jpg 300w, https:\/\/www.solidarburkina.bf\/wp-content\/uploads\/DSC_2686-150x100.jpg 150w, https:\/\/www.solidarburkina.bf\/wp-content\/uploads\/DSC_2686-768x512.jpg 768w, https:\/\/www.solidarburkina.bf\/wp-content\/uploads\/DSC_2686-1536x1024.jpg 1536w, https:\/\/www.solidarburkina.bf\/wp-content\/uploads\/DSC_2686-scaled.jpg 2048w, https:\/\/www.solidarburkina.bf\/wp-content\/uploads\/DSC_2686-240x160.jpg 240w, https:\/\/www.solidarburkina.bf\/wp-content\/uploads\/DSC_2686-160x107.jpg 160w, https:\/\/www.solidarburkina.bf\/wp-content\/uploads\/DSC_2686-120x80.jpg 120w, https:\/\/www.solidarburkina.bf\/wp-content\/uploads\/DSC_2686-80x53.jpg 80w, https:\/\/www.solidarburkina.bf\/wp-content\/uploads\/DSC_2686-1320x880.jpg 1320w\" sizes=\"(max-width: 1024px) 100vw, 1024px\" \/><\/figure>\n\n<p><strong>DRABO Bienvenu<\/strong> is originally from the town of Di\u00e9bougou, where insecurity forced him to abandon his studies in 4th grade to join his older sister in the town of Kaya. After a year&#8217;s training at the EFJDI center, he left with skills and a kit of cutting and sewing materials that will enable him to enter the professional world. From his point of view, this training is a godsend for improving his living conditions. &#8220;I&#8217;m happy to receive the installation kit, which will enable me to properly practice my chosen profession, which is cutting and sewing. The knowledge I&#8217;ve acquired about entrepreneurship will enable me to better manage the business I plan to set up. Through this trade, I want to provide for myself and support my parents.&#8221;   <\/p>\n\n<figure class=\"wp-block-image size-large\"><img loading=\"lazy\" decoding=\"async\" width=\"1024\" height=\"578\" src=\"https:\/\/www.solidarburkina.bf\/wp-content\/uploads\/Capture-decran-2025-12-05-101357-1024x578.png\" alt=\"\" class=\"wp-image-39378\" srcset=\"https:\/\/www.solidarburkina.bf\/wp-content\/uploads\/Capture-decran-2025-12-05-101357-1024x578.png 1024w, https:\/\/www.solidarburkina.bf\/wp-content\/uploads\/Capture-decran-2025-12-05-101357-300x169.png 300w, https:\/\/www.solidarburkina.bf\/wp-content\/uploads\/Capture-decran-2025-12-05-101357-150x85.png 150w, https:\/\/www.solidarburkina.bf\/wp-content\/uploads\/Capture-decran-2025-12-05-101357-768x433.png 768w, https:\/\/www.solidarburkina.bf\/wp-content\/uploads\/Capture-decran-2025-12-05-101357-284x160.png 284w, https:\/\/www.solidarburkina.bf\/wp-content\/uploads\/Capture-decran-2025-12-05-101357-160x90.png 160w, https:\/\/www.solidarburkina.bf\/wp-content\/uploads\/Capture-decran-2025-12-05-101357-142x80.png 142w, https:\/\/www.solidarburkina.bf\/wp-content\/uploads\/Capture-decran-2025-12-05-101357-80x45.png 80w, https:\/\/www.solidarburkina.bf\/wp-content\/uploads\/Capture-decran-2025-12-05-101357.png 1227w\" sizes=\"(max-width: 1024px) 100vw, 1024px\" \/><\/figure>\n\n<p><strong>BELEM Zalissa<\/strong>, a beneficiary of the cut and sew training program, is now proud to wear a self-made outfit, jewelry and handbag. &#8220;When I arrived at the center, I had no professional knowledge. But today, I leave the center with multiple skills, I know how to produce soap, detergent powder, make objects from pearls and I have a complete kit for practicing cut and sew, which I have chosen as my professional trade. These multiple skills are a source of income to support myself.&#8221; <\/p>\n\n<figure class=\"wp-block-image size-large\"><img loading=\"lazy\" decoding=\"async\" width=\"1024\" height=\"683\" src=\"https:\/\/www.solidarburkina.bf\/wp-content\/uploads\/DSC_2675-2-1024x683.jpg\" alt=\"\" class=\"wp-image-39379\" srcset=\"https:\/\/www.solidarburkina.bf\/wp-content\/uploads\/DSC_2675-2-1024x683.jpg 1024w, https:\/\/www.solidarburkina.bf\/wp-content\/uploads\/DSC_2675-2-300x200.jpg 300w, https:\/\/www.solidarburkina.bf\/wp-content\/uploads\/DSC_2675-2-150x100.jpg 150w, https:\/\/www.solidarburkina.bf\/wp-content\/uploads\/DSC_2675-2-768x512.jpg 768w, https:\/\/www.solidarburkina.bf\/wp-content\/uploads\/DSC_2675-2-1536x1024.jpg 1536w, https:\/\/www.solidarburkina.bf\/wp-content\/uploads\/DSC_2675-2-scaled.jpg 2048w, https:\/\/www.solidarburkina.bf\/wp-content\/uploads\/DSC_2675-2-240x160.jpg 240w, https:\/\/www.solidarburkina.bf\/wp-content\/uploads\/DSC_2675-2-160x107.jpg 160w, https:\/\/www.solidarburkina.bf\/wp-content\/uploads\/DSC_2675-2-120x80.jpg 120w, https:\/\/www.solidarburkina.bf\/wp-content\/uploads\/DSC_2675-2-80x53.jpg 80w, https:\/\/www.solidarburkina.bf\/wp-content\/uploads\/DSC_2675-2-1320x880.jpg 1320w\" sizes=\"(max-width: 1024px) 100vw, 1024px\" \/><\/figure>\n\n<p>The beneficiaries&#8217; parents&#8217; representative praised the center&#8217;s support. From his point of view, the parents are delighted to see their children leave the center with various professional skills and kits to facilitate their professional integration.   <\/p>\n\n<figure class=\"wp-block-image size-large\"><img loading=\"lazy\" decoding=\"async\" width=\"1024\" height=\"683\" src=\"https:\/\/www.solidarburkina.bf\/wp-content\/uploads\/DSC_2589-1024x683.jpg\" alt=\"\" class=\"wp-image-39380\" srcset=\"https:\/\/www.solidarburkina.bf\/wp-content\/uploads\/DSC_2589-1024x683.jpg 1024w, https:\/\/www.solidarburkina.bf\/wp-content\/uploads\/DSC_2589-300x200.jpg 300w, https:\/\/www.solidarburkina.bf\/wp-content\/uploads\/DSC_2589-150x100.jpg 150w, https:\/\/www.solidarburkina.bf\/wp-content\/uploads\/DSC_2589-768x512.jpg 768w, https:\/\/www.solidarburkina.bf\/wp-content\/uploads\/DSC_2589-1536x1024.jpg 1536w, https:\/\/www.solidarburkina.bf\/wp-content\/uploads\/DSC_2589-scaled.jpg 2048w, https:\/\/www.solidarburkina.bf\/wp-content\/uploads\/DSC_2589-240x160.jpg 240w, https:\/\/www.solidarburkina.bf\/wp-content\/uploads\/DSC_2589-160x107.jpg 160w, https:\/\/www.solidarburkina.bf\/wp-content\/uploads\/DSC_2589-120x80.jpg 120w, https:\/\/www.solidarburkina.bf\/wp-content\/uploads\/DSC_2589-80x53.jpg 80w, https:\/\/www.solidarburkina.bf\/wp-content\/uploads\/DSC_2589-1320x880.jpg 1320w\" sizes=\"(max-width: 1024px) 100vw, 1024px\" \/><\/figure>\n\n<p><strong>An overview of<\/strong> <strong>the materials provided (hairdressing, cutting and sewing, weaving and dyeing)<\/strong><\/p>\n\n<figure class=\"wp-block-image size-large\"><img loading=\"lazy\" decoding=\"async\" width=\"1024\" height=\"683\" src=\"https:\/\/www.solidarburkina.bf\/wp-content\/uploads\/DSC_2496-1024x683.jpg\" alt=\"\" class=\"wp-image-39381\" srcset=\"https:\/\/www.solidarburkina.bf\/wp-content\/uploads\/DSC_2496-1024x683.jpg 1024w, https:\/\/www.solidarburkina.bf\/wp-content\/uploads\/DSC_2496-300x200.jpg 300w, https:\/\/www.solidarburkina.bf\/wp-content\/uploads\/DSC_2496-150x100.jpg 150w, https:\/\/www.solidarburkina.bf\/wp-content\/uploads\/DSC_2496-768x512.jpg 768w, https:\/\/www.solidarburkina.bf\/wp-content\/uploads\/DSC_2496-1536x1024.jpg 1536w, https:\/\/www.solidarburkina.bf\/wp-content\/uploads\/DSC_2496-scaled.jpg 2048w, https:\/\/www.solidarburkina.bf\/wp-content\/uploads\/DSC_2496-240x160.jpg 240w, https:\/\/www.solidarburkina.bf\/wp-content\/uploads\/DSC_2496-160x107.jpg 160w, https:\/\/www.solidarburkina.bf\/wp-content\/uploads\/DSC_2496-120x80.jpg 120w, https:\/\/www.solidarburkina.bf\/wp-content\/uploads\/DSC_2496-80x53.jpg 80w, https:\/\/www.solidarburkina.bf\/wp-content\/uploads\/DSC_2496-1320x880.jpg 1320w\" sizes=\"(max-width: 1024px) 100vw, 1024px\" \/><\/figure>\n\n<p><strong>As a reminder, this activity is part of the &#8220;Inclusive access to quality formal and non-formal bi-plurilingual education, in an environment favoring social cohesion&#8221; project, supported by the Swiss Cooperation and the F\u00e9d\u00e9ration G\u00e9n\u00e9voise de Coop\u00e9ration.  <\/strong><\/p>\n","protected":false},"excerpt":{"rendered":"<p>On December 02, 2025, the official graduation ceremony for the 2nd cohort of beneficiaries of the Education and Training Center for Internally Displaced Youth (EFJDI) was held in the town of Kaya. Set up by Solidar Suisse in collaboration with the Ministry of National Education, Literacy and Promotion of National Languages (MENAPLN) and in partnership [&hellip;]<\/p>\n","protected":false},"author":4,"featured_media":39614,"comment_status":"closed","ping_status":"closed","sticky":false,"template":"","format":"standard","meta":{"_seopress_robots_primary_cat":"","_seopress_titles_title":"","_seopress_titles_desc":"","_seopress_robots_index":"","footnotes":""},"categories":[286],"domaine":[301,288,295,306,308],"approche":[],"class_list":{"0":"post-39613","1":"post","2":"type-post","3":"status-publish","4":"format-standard","5":"has-post-thumbnail","7":"category-news","8":"domaine-bi-and-plurilingual-education","9":"domaine-democracy-and-participation","10":"domaine-humanitarian-aid","11":"domaine-interculturality-and-non-violent-communication","12":"domaine-training-and-professional-integration-of-young-people"},"_links":{"self":[{"href":"https:\/\/www.solidarburkina.bf\/en\/wp-json\/wp\/v2\/posts\/39613","targetHints":{"allow":["GET"]}}],"collection":[{"href":"https:\/\/www.solidarburkina.bf\/en\/wp-json\/wp\/v2\/posts"}],"about":[{"href":"https:\/\/www.solidarburkina.bf\/en\/wp-json\/wp\/v2\/types\/post"}],"author":[{"embeddable":true,"href":"https:\/\/www.solidarburkina.bf\/en\/wp-json\/wp\/v2\/users\/4"}],"replies":[{"embeddable":true,"href":"https:\/\/www.solidarburkina.bf\/en\/wp-json\/wp\/v2\/comments?post=39613"}],"version-history":[{"count":4,"href":"https:\/\/www.solidarburkina.bf\/en\/wp-json\/wp\/v2\/posts\/39613\/revisions"}],"predecessor-version":[{"id":40184,"href":"https:\/\/www.solidarburkina.bf\/en\/wp-json\/wp\/v2\/posts\/39613\/revisions\/40184"}],"wp:featuredmedia":[{"embeddable":true,"href":"https:\/\/www.solidarburkina.bf\/en\/wp-json\/wp\/v2\/media\/39614"}],"wp:attachment":[{"href":"https:\/\/www.solidarburkina.bf\/en\/wp-json\/wp\/v2\/media?parent=39613"}],"wp:term":[{"taxonomy":"category","embeddable":true,"href":"https:\/\/www.solidarburkina.bf\/en\/wp-json\/wp\/v2\/categories?post=39613"},{"taxonomy":"domaine","embeddable":true,"href":"https:\/\/www.solidarburkina.bf\/en\/wp-json\/wp\/v2\/domaine?post=39613"},{"taxonomy":"approche","embeddable":true,"href":"https:\/\/www.solidarburkina.bf\/en\/wp-json\/wp\/v2\/approche?post=39613"}],"curies":[{"name":"wp","href":"https:\/\/api.w.org\/{rel}","templated":true}]}}