{"id":40025,"date":"2024-03-29T11:29:00","date_gmt":"2024-03-29T11:29:00","guid":{"rendered":"https:\/\/www.solidarburkina.bf\/resicom-journal-of-community-resilience-n02\/"},"modified":"2026-01-21T12:18:41","modified_gmt":"2026-01-21T12:18:41","slug":"resicom-journal-of-community-resilience-n02","status":"publish","type":"post","link":"https:\/\/www.solidarburkina.bf\/en\/resicom-journal-of-community-resilience-n02\/","title":{"rendered":"RESICOM: journal of community resilience n\u00b002"},"content":{"rendered":"\n<p>Through this issue 02 of &#8220;RESICOM, Journal de la r\u00e9silience communautaire&#8221;, the Consortium Solidar Suisse-SOS Sahel International Burkina Faso in collaboration with the Catholic Organization for Development and Solidarity (OCADES-D\u00e9dougou), the F\u00e9d\u00e9ration des Professionnels Agricoles du Burkina (FEPAB-Yatenga) and the Association Wendkouni Boulsa, local partners, intend to share with partners and readers a summary of the various project activities carried out during 2023, as well as some of the results achieved, illustrated by testimonials from beneficiaries.<\/p>\n\n<p>Read <strong><a href=\"https:\/\/www.solidarburkina.bf\/wp-content\/uploads\/RESICOM2-version12.pdf\">here<\/a><\/strong> the newspaper in format (PDF, 24 pages, 20.3 MB)<\/p>\n\n<p>Click on the image below for an interactive version of the newspaper.<\/p>\n\n<div class=\"_df_book df-lite\" id=\"df_40019\"  _slug=\"40019\" data-title=\"resicom-journal-de-la-resilience-communautaire-n02\" wpoptions=\"true\" thumbtype=\"\" ><\/div><script class=\"df-shortcode-script\" nowprocket type=\"application\/javascript\">window.option_df_40019 = {\"outline\":[],\"autoEnableOutline\":\"false\",\"autoEnableThumbnail\":\"false\",\"overwritePDFOutline\":\"false\",\"direction\":\"1\",\"pageSize\":\"0\",\"source\":\"https:\\\/\\\/www.solidarburkina.bf\\\/wp-content\\\/uploads\\\/RESICOM2-version12.pdf\",\"wpOptions\":\"true\"}; if(window.DFLIP && window.DFLIP.parseBooks){window.DFLIP.parseBooks();}<\/script>\n","protected":false},"excerpt":{"rendered":"<p>Through this issue 02 of &#8220;RESICOM, Journal de la r\u00e9silience communautaire&#8221;, the Consortium Solidar Suisse-SOS Sahel International Burkina Faso in collaboration with the Catholic Organization for Development and Solidarity (OCADES-D\u00e9dougou), the F\u00e9d\u00e9ration des Professionnels Agricoles du Burkina (FEPAB-Yatenga) and the Association Wendkouni Boulsa, local partners, intend to share with partners and readers a summary of [&hellip;]<\/p>\n","protected":false},"author":4,"featured_media":40026,"comment_status":"closed","ping_status":"closed","sticky":false,"template":"","format":"standard","meta":{"_seopress_robots_primary_cat":"","_seopress_titles_title":"","_seopress_titles_desc":"","_seopress_robots_index":"","footnotes":""},"categories":[290,291,292],"domaine":[298,320,294,309,318,316,293,295,306,317,321,289,315,308,322,307],"approche":[],"class_list":{"0":"post-40025","1":"post","2":"type-post","3":"status-publish","4":"format-standard","5":"has-post-thumbnail","7":"category-capitalization","8":"category-documentation","9":"category-resources","10":"domaine-agricultural-entrepreneurship","11":"domaine-breeding","12":"domaine-climate-change-resilience","13":"domaine-decent-work","14":"domaine-early-recovery","15":"domaine-family-farming","16":"domaine-food-safety","17":"domaine-humanitarian-aid","18":"domaine-interculturality-and-non-violent-communication","19":"domaine-market-gardening","20":"domaine-nexus","21":"domaine-peace-and-social-cohesion","22":"domaine-rural-development","23":"domaine-training-and-professional-integration-of-young-people","24":"domaine-type","25":"domaine-womens-economic-empowerment"},"_links":{"self":[{"href":"https:\/\/www.solidarburkina.bf\/en\/wp-json\/wp\/v2\/posts\/40025","targetHints":{"allow":["GET"]}}],"collection":[{"href":"https:\/\/www.solidarburkina.bf\/en\/wp-json\/wp\/v2\/posts"}],"about":[{"href":"https:\/\/www.solidarburkina.bf\/en\/wp-json\/wp\/v2\/types\/post"}],"author":[{"embeddable":true,"href":"https:\/\/www.solidarburkina.bf\/en\/wp-json\/wp\/v2\/users\/4"}],"replies":[{"embeddable":true,"href":"https:\/\/www.solidarburkina.bf\/en\/wp-json\/wp\/v2\/comments?post=40025"}],"version-history":[{"count":2,"href":"https:\/\/www.solidarburkina.bf\/en\/wp-json\/wp\/v2\/posts\/40025\/revisions"}],"predecessor-version":[{"id":40031,"href":"https:\/\/www.solidarburkina.bf\/en\/wp-json\/wp\/v2\/posts\/40025\/revisions\/40031"}],"wp:featuredmedia":[{"embeddable":true,"href":"https:\/\/www.solidarburkina.bf\/en\/wp-json\/wp\/v2\/media\/40026"}],"wp:attachment":[{"href":"https:\/\/www.solidarburkina.bf\/en\/wp-json\/wp\/v2\/media?parent=40025"}],"wp:term":[{"taxonomy":"category","embeddable":true,"href":"https:\/\/www.solidarburkina.bf\/en\/wp-json\/wp\/v2\/categories?post=40025"},{"taxonomy":"domaine","embeddable":true,"href":"https:\/\/www.solidarburkina.bf\/en\/wp-json\/wp\/v2\/domaine?post=40025"},{"taxonomy":"approche","embeddable":true,"href":"https:\/\/www.solidarburkina.bf\/en\/wp-json\/wp\/v2\/approche?post=40025"}],"curies":[{"name":"wp","href":"https:\/\/api.w.org\/{rel}","templated":true}]}}