{"id":40632,"date":"2026-01-19T09:42:00","date_gmt":"2026-01-19T09:42:00","guid":{"rendered":"https:\/\/www.solidarburkina.bf\/mabyz-local-day-care-centers-set-up-by-the-resicom-project-next-to-agricultural-production-sites\/"},"modified":"2026-02-02T09:48:31","modified_gmt":"2026-02-02T09:48:31","slug":"mabyz-local-day-care-centers-set-up-by-the-resicom-project-next-to-agricultural-production-sites","status":"publish","type":"post","link":"https:\/\/www.solidarburkina.bf\/en\/mabyz-local-day-care-centers-set-up-by-the-resicom-project-next-to-agricultural-production-sites\/","title":{"rendered":"MaBYZ: local day-care centers set up by the RESICOM project next to agricultural production sites"},"content":{"rendered":"\n<p>Here&#8217;s a testimonial from a beneficiary of &#8220;MaBYZ&#8221; (which means &#8220;Ma Baas Yiire Zaka&#8221; in the local Moor\u00e9 language), a local initiative that frees mothers from looking after their children, enabling them to play a full part in production activities in lowland rice fields and market gardens.<\/p>\n\n<figure class=\"wp-block-embed is-type-video is-provider-youtube wp-block-embed-youtube wp-embed-aspect-16-9 wp-has-aspect-ratio\"><div class=\"wp-block-embed__wrapper\">\n<iframe title=\"MaBYZ: des garderies locales install\u00e9es par le projet RESICOM \u00e0 c\u00f4t\u00e9 de sites de production agricole\" width=\"800\" height=\"450\" src=\"https:\/\/www.youtube.com\/embed\/awxCtqx0VsU?feature=oembed\" frameborder=\"0\" allow=\"accelerometer; autoplay; clipboard-write; encrypted-media; gyroscope; picture-in-picture; web-share\" referrerpolicy=\"strict-origin-when-cross-origin\" allowfullscreen><\/iframe>\n<\/div><\/figure>\n","protected":false},"excerpt":{"rendered":"<p>Here&#8217;s a testimonial from a beneficiary of &#8220;MaBYZ&#8221; (which means &#8220;Ma Baas Yiire Zaka&#8221; in the local Moor\u00e9 language), a local initiative that frees mothers from looking after their children, enabling them to play a full part in production activities in lowland rice fields and market gardens.<\/p>\n","protected":false},"author":4,"featured_media":40634,"comment_status":"closed","ping_status":"closed","sticky":false,"template":"","format":"video","meta":{"_seopress_robots_primary_cat":"","_seopress_titles_title":"","_seopress_titles_desc":"","_seopress_robots_index":"","footnotes":""},"categories":[290,304,292],"domaine":[298,294,309,316,293,317,315,322,307],"approche":[323],"class_list":{"0":"post-40632","1":"post","2":"type-post","3":"status-publish","4":"format-video","5":"has-post-thumbnail","7":"category-capitalization","8":"category-headlines","9":"category-resources","10":"post_format-post-format-video","11":"domaine-agricultural-entrepreneurship","12":"domaine-climate-change-resilience","13":"domaine-decent-work","14":"domaine-family-farming","15":"domaine-food-safety","16":"domaine-market-gardening","17":"domaine-rural-development","18":"domaine-type","19":"domaine-womens-economic-empowerment","20":"approche-mabyz"},"_links":{"self":[{"href":"https:\/\/www.solidarburkina.bf\/en\/wp-json\/wp\/v2\/posts\/40632","targetHints":{"allow":["GET"]}}],"collection":[{"href":"https:\/\/www.solidarburkina.bf\/en\/wp-json\/wp\/v2\/posts"}],"about":[{"href":"https:\/\/www.solidarburkina.bf\/en\/wp-json\/wp\/v2\/types\/post"}],"author":[{"embeddable":true,"href":"https:\/\/www.solidarburkina.bf\/en\/wp-json\/wp\/v2\/users\/4"}],"replies":[{"embeddable":true,"href":"https:\/\/www.solidarburkina.bf\/en\/wp-json\/wp\/v2\/comments?post=40632"}],"version-history":[{"count":1,"href":"https:\/\/www.solidarburkina.bf\/en\/wp-json\/wp\/v2\/posts\/40632\/revisions"}],"predecessor-version":[{"id":40633,"href":"https:\/\/www.solidarburkina.bf\/en\/wp-json\/wp\/v2\/posts\/40632\/revisions\/40633"}],"wp:featuredmedia":[{"embeddable":true,"href":"https:\/\/www.solidarburkina.bf\/en\/wp-json\/wp\/v2\/media\/40634"}],"wp:attachment":[{"href":"https:\/\/www.solidarburkina.bf\/en\/wp-json\/wp\/v2\/media?parent=40632"}],"wp:term":[{"taxonomy":"category","embeddable":true,"href":"https:\/\/www.solidarburkina.bf\/en\/wp-json\/wp\/v2\/categories?post=40632"},{"taxonomy":"domaine","embeddable":true,"href":"https:\/\/www.solidarburkina.bf\/en\/wp-json\/wp\/v2\/domaine?post=40632"},{"taxonomy":"approche","embeddable":true,"href":"https:\/\/www.solidarburkina.bf\/en\/wp-json\/wp\/v2\/approche?post=40632"}],"curies":[{"name":"wp","href":"https:\/\/api.w.org\/{rel}","templated":true}]}}